{"id":19831,"date":"2016-04-14T12:21:33","date_gmt":"2016-04-14T12:21:33","guid":{"rendered":"http:\/\/plazajuarez.mx\/index\/index.php\/2016\/04\/14\/laguna-de-voces-135\/"},"modified":"2016-04-14T12:21:33","modified_gmt":"2016-04-14T12:21:33","slug":"laguna-de-voces-135","status":"publish","type":"post","link":"https:\/\/plazajuarez.mx\/historico\/laguna-de-voces-135\/","title":{"rendered":"LAGUNA DE VOCES"},"content":{"rendered":"<p>* Hasta pronto, hasta siempre pap\u00e1<\/p>\n<p>  <!--more-->  <\/p>\n<p>\u00a0<\/p>\n<p>Mi pap\u00e1 cre\u00eda en la magia del pueblo donde naci\u00f3.<\/p>\n<p>\u00a0\u00a0\u00a0\u00a0\u00a0\u00a0\u00a0 \u00a0\u00a0\u00a0 Por eso, d\u00edas antes de que muriera, la mujer que m\u00e1s am\u00f3 a lo largo de su existencia, mi madre, vino a verlo para avisarle que era tiempo de partir.<\/p>\n<p>\u00a0\u00a0\u00a0\u00a0\u00a0\u00a0\u00a0 \u00a0\u00a0\u00a0 Directo y sin rodeos, cont\u00f3 que hab\u00edan llegado por \u00e9l y que era su deseo decir adi\u00f3s, como finalmente lo hizo la madrugada de este lunes.<\/p>\n<p>\u00a0\u00a0\u00a0\u00a0\u00a0\u00a0\u00a0 \u00a0\u00a0\u00a0 Nada tengo que reprocharle y en cambio s\u00ed, mucho que admirarle. Porque con 39 a\u00f1os se qued\u00f3 viudo al frente de una familia numerosa, y un amor quebrado por la partida de su esposa, de la que nunca se cans\u00f3 de contar la absoluta bondad que pose\u00eda, y los ojos m\u00e1s hermosos que hubiera visto.<\/p>\n<p>\u00a0\u00a0\u00a0\u00a0\u00a0\u00a0\u00a0 \u00a0\u00a0\u00a0 Tengo la certeza de que ella fue su gu\u00eda luminosa en ese instante que terminamos este peque\u00f1os viaje para regresar a casa.<\/p>\n<p>\u00a0\u00a0\u00a0\u00a0\u00a0\u00a0\u00a0 \u00a0\u00a0\u00a0 A los seis a\u00f1os, cuando mam\u00e1 muri\u00f3, adquir\u00ed la certeza triste y lamentable de que nunca volver\u00eda a verla. La muerte descarnada, triste, dram\u00e1tica, que habr\u00eda de perseguirme hasta estos d\u00edas, estas horas en que por fin empiezo a comprender cosas que de peque\u00f1o simplemente entend\u00eda como un camino sin rumbo a la desgracia.<\/p>\n<p>\u00a0\u00a0\u00a0\u00a0\u00a0\u00a0\u00a0 \u00a0\u00a0\u00a0 Descubro que no es as\u00ed, y cada cual puede tener la idea que quiera del momento en que dejamos de respirar, porque al final de cuentas uno a uno, tarde o temprano, confirmaremos si tuvimos o no raz\u00f3n.<\/p>\n<p>\u00a0\u00a0\u00a0\u00a0\u00a0\u00a0\u00a0 \u00a0\u00a0\u00a0 Por mi parte estoy seguro que a mi padre le dije \u201chasta pronto\u201d, porque recuperar la fe es una tarea que me ha ocupado la mayor parte de mi existencia. No como un consuelo convenenciero, ni miedo, ni nada que algunos esgrimen como argumento para presumir a diestra y siniestra, \u201cno soy creyente\u201d. Cada cual, y si esa es su conclusi\u00f3n, qu\u00e9 bueno.<\/p>\n<p>\u00a0\u00a0\u00a0\u00a0\u00a0\u00a0\u00a0 \u00a0\u00a0\u00a0 As\u00ed las cosas, hasta pronto pap\u00e1, mam\u00e1, m\u00e1s temprano que tarde volveremos a saludarnos, a contarnos c\u00f3mo fue este viaje maravilloso de la vida, pleno de paisajes y alegr\u00edas, sin negar por supuesto las tristezas que tambi\u00e9n existieron.<\/p>\n<p>\u00a0\u00a0\u00a0\u00a0\u00a0\u00a0\u00a0 \u00a0\u00a0\u00a0 Pero intentar la felicidad, todos los d\u00edas, a toda hora, fue una constante en la vida de mi padre.<\/p>\n<p>\u00a0\u00a0\u00a0\u00a0\u00a0\u00a0\u00a0 \u00a0\u00a0\u00a0 Supo enfrentar as\u00ed a\u00f1os dram\u00e1ticos en que la falta de empleo y una familia que mantener nunca lo doblegaron. Por el contrario, desde ese entonces, antes de los 39 a\u00f1os, mucho antes, despertaba en punto de las cuatro de la ma\u00f1ana para prepararse ante la batalla diaria que siempre gan\u00f3 a su modo.<\/p>\n<p>\u00a0\u00a0\u00a0\u00a0\u00a0\u00a0\u00a0 \u00a0\u00a0\u00a0 Fue vigilante de un almac\u00e9n o supermercado,\u00a0 cada ma\u00f1ana que regresaba luego de velar por toda la noche, era un hombre bendecido con el cari\u00f1o hacia sus hijos que siempre traduc\u00eda en preguntar, \u201c\u00bfya comieron, comieron bien?\u201d, que seguro era un \u201clos quiero mucho\u201d.<\/p>\n<p>\u00a0\u00a0\u00a0\u00a0\u00a0\u00a0\u00a0 \u00a0\u00a0\u00a0 Luego la suerte lo socorri\u00f3 para ser maletero en el Aeropuerto Internacional de la Ciudad de M\u00e9xico durante 40 a\u00f1os, cuando los velices todav\u00eda no eran fabricados con rueditas, y por lo tanto el trabajo y las propinas le sobraban.<\/p>\n<p>\u00a0\u00a0\u00a0\u00a0\u00a0\u00a0\u00a0 \u00a0\u00a0\u00a0 Fue una \u00e9poca en que tuvimos lo suficiente para seguir los estudios, y verlo lleno de proyectos, sue\u00f1os, hasta que mam\u00e1 muri\u00f3.<\/p>\n<p>\u00a0\u00a0\u00a0\u00a0\u00a0\u00a0\u00a0 \u00a0\u00a0\u00a0 Sin embargo el tiempo que sigui\u00f3 a esa tragedia fue cuando todos conocimos al pap\u00e1 que decidi\u00f3 que el mejor homenaje a sus esposa, deb\u00eda ser cuidar y velar porque sus hijos estuvieran bien, estudiaran, crecieran como buenos hombres.<\/p>\n<p>\u00a0\u00a0\u00a0\u00a0\u00a0\u00a0\u00a0 \u00a0\u00a0\u00a0 Desde esos 39 a\u00f1os cuando qued\u00f3 viudo, hasta este lunes, casi a punto de cumplir 93 a\u00f1os de edad, fuimos su raz\u00f3n fundamental para que fuera feliz, y con ello lo fuimos, lo somos tambi\u00e9n.<\/p>\n<p>\u00a0\u00a0\u00a0\u00a0\u00a0\u00a0\u00a0 \u00a0\u00a0\u00a0 Por eso ahora, al despedirme, no puede mas que decirle, \u201chasta pronto pap\u00e1. Hasta siempre\u201d.<\/p>\n<p>\u00a0<\/p>\n<p>Mil gracias hasta ma\u00f1ana.<\/p>\n<p>\u00a0<\/p>\n<p>peraltajav@gmail.com<\/p>\n<p>twitter: @Javier EPeralta<\/p>\n<p>\u00a0\u00a0\u00a0\u00a0\u00a0\u00a0\u00a0 \u00a0\u00a0\u00a0<\/p>\n<p>\u00a0<\/p>\n<p>CITA:<\/p>\n<p><em>\u00a0\u00a0\u00a0\u00a0\u00a0\u00a0\u00a0 \u00a0\u00a0\u00a0 Supo enfrentar as\u00ed a\u00f1os dram\u00e1ticos en que la falta de empleo y una familia que mantener nunca lo doblegaron. Por el contrario, desde ese entonces, antes de los 39 a\u00f1os, mucho antes, despertaba en punto de las cuatro de la ma\u00f1ana para prepararse ante la batalla diaria que siempre gan\u00f3 a su modo.<\/em><\/p>\n<p>\u00a0<\/p>\n","protected":false},"excerpt":{"rendered":"<p>* Hasta pronto, hasta siempre pap\u00e1<\/p>\n","protected":false},"author":93,"featured_media":0,"comment_status":"open","ping_status":"open","sticky":false,"template":"","format":"standard","meta":{"footnotes":""},"categories":[49],"tags":[],"class_list":["post-19831","post","type-post","status-publish","format-standard","hentry","category-javier-peralta"],"_links":{"self":[{"href":"https:\/\/plazajuarez.mx\/historico\/wp-json\/wp\/v2\/posts\/19831","targetHints":{"allow":["GET"]}}],"collection":[{"href":"https:\/\/plazajuarez.mx\/historico\/wp-json\/wp\/v2\/posts"}],"about":[{"href":"https:\/\/plazajuarez.mx\/historico\/wp-json\/wp\/v2\/types\/post"}],"author":[{"embeddable":true,"href":"https:\/\/plazajuarez.mx\/historico\/wp-json\/wp\/v2\/users\/93"}],"replies":[{"embeddable":true,"href":"https:\/\/plazajuarez.mx\/historico\/wp-json\/wp\/v2\/comments?post=19831"}],"version-history":[{"count":0,"href":"https:\/\/plazajuarez.mx\/historico\/wp-json\/wp\/v2\/posts\/19831\/revisions"}],"wp:attachment":[{"href":"https:\/\/plazajuarez.mx\/historico\/wp-json\/wp\/v2\/media?parent=19831"}],"wp:term":[{"taxonomy":"category","embeddable":true,"href":"https:\/\/plazajuarez.mx\/historico\/wp-json\/wp\/v2\/categories?post=19831"},{"taxonomy":"post_tag","embeddable":true,"href":"https:\/\/plazajuarez.mx\/historico\/wp-json\/wp\/v2\/tags?post=19831"}],"curies":[{"name":"wp","href":"https:\/\/api.w.org\/{rel}","templated":true}]}}