{"id":1983,"date":"2015-03-09T06:00:00","date_gmt":"2015-03-09T06:00:00","guid":{"rendered":"http:\/\/plazajuarez.mx\/index\/index.php\/2015\/03\/09\/anular-el-voto-es-hacerle-el-juego-a-la-mafia-amlo\/"},"modified":"2015-03-09T06:00:00","modified_gmt":"2015-03-09T06:00:00","slug":"anular-el-voto-es-hacerle-el-juego-a-la-mafia-amlo","status":"publish","type":"post","link":"https:\/\/plazajuarez.mx\/historico\/anular-el-voto-es-hacerle-el-juego-a-la-mafia-amlo\/","title":{"rendered":"Anular el voto es hacerle el juego a la mafia: AMLO"},"content":{"rendered":"<p style=\"text-align: justify;\"><span style=\"font-size: 10pt; color: #000000;\">M\u00c9RIDA, Yuc.- El ex candidato presidencial de las izquierdas y l\u00edder de Morena, Andr\u00e9s Manuel L\u00f3pez Obrador, hizo un llamado para no anular el voto en las pr\u00f3ximas elecciones intermedias, pues asegur\u00f3 que quienes impulsan dicha incitativa &#8220;le est\u00e1n haciendo el juego al r\u00e9gimen corrupto&#8221;.<\/span><\/p>\n<p>  <!--more-->  <\/p>\n<p style=\"text-align: justify;\"><span style=\"font-size: 10pt; color: #000000;\">En un mitin realizado en la Plaza Grande de M\u00e9rida anoche, el dirigente del Movimiento de Regeneraci\u00f3n Nacional (Morena), se\u00f1al\u00f3 que lo que busca &#8220;la mafia del poder&#8221; es que la gente no participe en las elecciones, para que ellos puedan seguir en el poder. <\/span><br \/><span style=\"font-size: 10pt; color: #000000;\">Se\u00f1al\u00f3 que s\u00f3lo hay dos maneras para acabar con el r\u00e9gimen corrupto de M\u00e9xico, la v\u00eda armada, y el camino pac\u00edfico electoral, &#8220;y nosotros hemos escogido \u00e9ste, por eso no hay que anular el voto&#8221;. <\/span><br \/><span style=\"font-size: 10pt; color: #000000;\">L\u00f3pez Obrador dijo que hay dirigentes sociales y sacerdotes progresistas a quienes respeta mucho, pero que lamentablemente est\u00e1n llamando a la ciudadan\u00eda a no votar en los comicios, &#8220;y eso significa que le est\u00e1n haciendo el juego al r\u00e9gimen corrupto&#8221;. <\/span><br \/><span style=\"font-size: 10pt; color: #000000;\">En ese sentido, invit\u00f3 a los impulsores de la anulaci\u00f3n del voto a debatir, pues recalc\u00f3 que s\u00f3lo con la participaci\u00f3n de la gente en las votaciones puede transformar verdaderamente al pa\u00eds. <\/span><br \/><span style=\"font-size: 10pt; color: #000000;\">&#8220;La apostamos en la v\u00eda pac\u00edfica, la que sigui\u00f3 Salvador Allende, Nelson Mandela, otros dirigentes, esto hay que analizarlo, porque hoy dirigentes de organizaciones sociales est\u00e1n llamando a no votar, lo mismo de organizaciones civiles y no gubernamentales, sacerdotes progresistas, vamos a debatir este asunto&#8221;, insisti\u00f3. <\/span><br \/><span style=\"font-size: 10pt; color: #000000;\">&#8220;Dijo en el 2006 se llam\u00f3 a no votar por nosotros y se hizo mucho da\u00f1o, &#8220;se engendr\u00f3 ese gobierno represor que le caus\u00f3 la muerte a miles de mexicanos, el de Felipe Calder\u00f3n; en el 2012 se dijo lo mismo y miren lo que generaron. <\/span><br \/><span style=\"font-size: 10pt; color: #000000;\">Por otro lado dijo que quienes resultaron insaculados para ser candidatos de Morena y que no tienen experiencia, ser\u00e1n asesorados por los intelectuales de ese partido para que hagan un buen papel luego como legisladores. (Agencias)<\/span><\/p>\n<p>\u00a0<\/p>\n","protected":false},"excerpt":{"rendered":"<p>M\u00c9RIDA, Yuc.- El ex candidato presidencial de las izquierdas y l\u00edder de Morena, Andr\u00e9s Manuel L\u00f3pez Obrador, hizo un llamado para no anular el voto en las pr\u00f3ximas elecciones intermedias, pues asegur\u00f3 que quienes impulsan dicha incitativa &#8220;le est\u00e1n haciendo el juego al r\u00e9gimen corrupto&#8221;.<\/p>\n","protected":false},"author":93,"featured_media":0,"comment_status":"open","ping_status":"open","sticky":false,"template":"","format":"standard","meta":{"footnotes":""},"categories":[36],"tags":[],"class_list":["post-1983","post","type-post","status-publish","format-standard","hentry","category-nacion"],"_links":{"self":[{"href":"https:\/\/plazajuarez.mx\/historico\/wp-json\/wp\/v2\/posts\/1983","targetHints":{"allow":["GET"]}}],"collection":[{"href":"https:\/\/plazajuarez.mx\/historico\/wp-json\/wp\/v2\/posts"}],"about":[{"href":"https:\/\/plazajuarez.mx\/historico\/wp-json\/wp\/v2\/types\/post"}],"author":[{"embeddable":true,"href":"https:\/\/plazajuarez.mx\/historico\/wp-json\/wp\/v2\/users\/93"}],"replies":[{"embeddable":true,"href":"https:\/\/plazajuarez.mx\/historico\/wp-json\/wp\/v2\/comments?post=1983"}],"version-history":[{"count":0,"href":"https:\/\/plazajuarez.mx\/historico\/wp-json\/wp\/v2\/posts\/1983\/revisions"}],"wp:attachment":[{"href":"https:\/\/plazajuarez.mx\/historico\/wp-json\/wp\/v2\/media?parent=1983"}],"wp:term":[{"taxonomy":"category","embeddable":true,"href":"https:\/\/plazajuarez.mx\/historico\/wp-json\/wp\/v2\/categories?post=1983"},{"taxonomy":"post_tag","embeddable":true,"href":"https:\/\/plazajuarez.mx\/historico\/wp-json\/wp\/v2\/tags?post=1983"}],"curies":[{"name":"wp","href":"https:\/\/api.w.org\/{rel}","templated":true}]}}