{"id":19829,"date":"2016-04-14T12:21:30","date_gmt":"2016-04-14T12:21:30","guid":{"rendered":"http:\/\/plazajuarez.mx\/index\/index.php\/2016\/04\/14\/basta-de-violencia-politica-contra-las-mujeres\/"},"modified":"2016-04-14T12:21:30","modified_gmt":"2016-04-14T12:21:30","slug":"basta-de-violencia-politica-contra-las-mujeres","status":"publish","type":"post","link":"https:\/\/plazajuarez.mx\/historico\/basta-de-violencia-politica-contra-las-mujeres\/","title":{"rendered":"\u00a1Basta de violencia pol\u00edtica contra las mujeres!"},"content":{"rendered":"<p>Por mucho tiempo las mujeres hemos sido v\u00edctimas de actos que niegan nuestra dignidad y, por tanto, obstaculizan el ejercicio de nuestros derechos. Por mucho tiempo esos actos estuvieron avalados por las normas jur\u00eddicas y sociales. Despu\u00e9s de grandes batallas a nivel cultural, acad\u00e9mico, legislativo y judicial, hemos logrado, entre otras cosas, el reconocimiento formal de que esos actos existen, son discriminatorios, deben prohibirse y deben sancionarse.<\/p>\n<p>  <!--more-->  <\/p>\n<p>\u00a0<\/p>\n<p>Afortunadamente las cosas han cambiado. Si hace cinco a\u00f1os la Sala Superior del TEPJF hubiese resuelto el asunto de la magistrada de San Luis Potos\u00ed (SUP-JDC-4370\/2016), seguramente hubiese reprobado los actos de acoso de los que dicha magistrada fue v\u00edctima por parte de los dos varones que integran el tribunal con ella, as\u00ed como de su secretario de Acuerdos.<\/p>\n<p>Pero, es probable que no hubi\u00e9semos detectado que era un asunto de violencia pol\u00edtica y que no hubi\u00e9semos dado vista al Senado a fin de que, en su car\u00e1cter de \u00f3rgano responsable de la designaci\u00f3n de los magistrados, investigue y, en su caso, imponga las sanciones que correspondan.<\/p>\n<p>Gracias al esfuerzo coordinado del TEPJF, el INE, la Fepade, la Subsecretar\u00eda de Derechos Humanos de la Segob, la CEAV, el Inmujeres y la Fevimtra, hoy contamos con un Protocolo para Atender la Violencia Pol\u00edtica contra las Mujeres. El instrumento que previamente anunci\u00e9 en este mismo espacio fue presentado el 14 de marzo de 2016 (consultable en: http:\/\/bit.ly\/1pqeL0m).<\/p>\n<p>Sus objetivos son: 1. Prevenir actos de violencia pol\u00edtica contra mujeres; 2. Facilitar su identificaci\u00f3n; 3. Evitar da\u00f1os mayores a las v\u00edctimas, sus familias y personas cercanas; 4. Generar una adecuada coordinaci\u00f3n entre las instituciones responsables, y 5. Servir de gu\u00eda, a partir de un enfoque general, para atender la violencia pol\u00edtica con elementos de g\u00e9nero en todas sus vertientes, a nivel federal, estatal y municipal.<\/p>\n<p>Con este Protocolo, las instituciones mandamos un mensaje muy claro: \u00a1No m\u00e1s violencia pol\u00edtica en contra de las mujeres, no m\u00e1s!<\/p>\n<p>Las instituciones que trabajamos el Protocolo estamos muy atentas y vigilantes, ya que nuestra labor es hacer realidad el derecho de las mujeres a ejercer sus derechos pol\u00edtico-electorales en condiciones de igualdad y libres de violencia.<\/p>\n<p>Invito tambi\u00e9n a las organizaciones, a los partidos, a la academia a que se apropien de este instrumento, a que lo utilicen para defender los derechos pol\u00edtico-electorales de las mujeres y a que visibilicen y defiendan estos casos.<\/p>\n<p>Conf\u00edo en que a este Protocolo se le sumar\u00e1n otras acciones, tales como la adopci\u00f3n de la normativa espec\u00edfica, la realizaci\u00f3n de una campa\u00f1a permanente y el dise\u00f1o de un sistema de registro de los casos. Mientras tanto, estamos trabajando intensamente para lograr capacitar, con base en el Protocolo, a servidoras y servidores p\u00fablicos que participar\u00e1n en las elecciones de este a\u00f1o, as\u00ed como a quienes integran partidos pol\u00edticos.<\/p>\n<p>Con este Protocolo, decimos: basta de incumplir con las obligaciones de paridad y de buscar formas para evitar que las mujeres ocupen cargos de elecci\u00f3n popular, basta de comentarios mis\u00f3ginos y estereotipos discriminadores contra las candidatas, basta de regatearles el financiamiento para sus campa\u00f1as, basta de otorgarles menos tiempo en medios de comunicaci\u00f3n, basta de obstaculizarles el ejercicio del cargo por el hecho de ser mujeres, basta de tratar de amedrentarlas por medio de amenazas a ellas y a sus familias. Sencillamente, basta. Y, cada vez m\u00e1s, una democracia verdadera, incluyente y participativa.<\/p>\n<p>Twitter: @MC_Alanis<\/p>\n<p>Correo: carmen.alanis@te.gob.mx<\/p>\n<p>\u00a0<\/p>\n","protected":false},"excerpt":{"rendered":"<p>Por mucho tiempo las mujeres hemos sido v\u00edctimas de actos que niegan nuestra dignidad y, por tanto, obstaculizan el ejercicio de nuestros derechos. Por mucho tiempo esos actos estuvieron avalados por las normas jur\u00eddicas y sociales. Despu\u00e9s de grandes batallas a nivel cultural, acad\u00e9mico, legislativo y judicial, hemos logrado, entre otras cosas, el reconocimiento formal [&hellip;]<\/p>\n","protected":false},"author":93,"featured_media":0,"comment_status":"open","ping_status":"open","sticky":false,"template":"","format":"standard","meta":{"footnotes":""},"categories":[42],"tags":[],"class_list":["post-19829","post","type-post","status-publish","format-standard","hentry","category-nuestrapalabra"],"_links":{"self":[{"href":"https:\/\/plazajuarez.mx\/historico\/wp-json\/wp\/v2\/posts\/19829","targetHints":{"allow":["GET"]}}],"collection":[{"href":"https:\/\/plazajuarez.mx\/historico\/wp-json\/wp\/v2\/posts"}],"about":[{"href":"https:\/\/plazajuarez.mx\/historico\/wp-json\/wp\/v2\/types\/post"}],"author":[{"embeddable":true,"href":"https:\/\/plazajuarez.mx\/historico\/wp-json\/wp\/v2\/users\/93"}],"replies":[{"embeddable":true,"href":"https:\/\/plazajuarez.mx\/historico\/wp-json\/wp\/v2\/comments?post=19829"}],"version-history":[{"count":0,"href":"https:\/\/plazajuarez.mx\/historico\/wp-json\/wp\/v2\/posts\/19829\/revisions"}],"wp:attachment":[{"href":"https:\/\/plazajuarez.mx\/historico\/wp-json\/wp\/v2\/media?parent=19829"}],"wp:term":[{"taxonomy":"category","embeddable":true,"href":"https:\/\/plazajuarez.mx\/historico\/wp-json\/wp\/v2\/categories?post=19829"},{"taxonomy":"post_tag","embeddable":true,"href":"https:\/\/plazajuarez.mx\/historico\/wp-json\/wp\/v2\/tags?post=19829"}],"curies":[{"name":"wp","href":"https:\/\/api.w.org\/{rel}","templated":true}]}}