{"id":19827,"date":"2016-04-14T12:20:54","date_gmt":"2016-04-14T12:20:54","guid":{"rendered":"http:\/\/plazajuarez.mx\/index\/index.php\/2016\/04\/14\/los-mensajes-de-mexico-para-el-mundo\/"},"modified":"2016-04-14T12:20:54","modified_gmt":"2016-04-14T12:20:54","slug":"los-mensajes-de-mexico-para-el-mundo","status":"publish","type":"post","link":"https:\/\/plazajuarez.mx\/historico\/los-mensajes-de-mexico-para-el-mundo\/","title":{"rendered":"Los mensajes de M\u00e9xico para el mundo"},"content":{"rendered":"<p>La diplomacia, contrario a la guerra, existe para construir puentes, no para destruirlos. Busca soluciones a trav\u00e9s del di\u00e1logo, no de la fuerza. Alcanza consensos, dejando fuera los disensos. Comunica sin herir y sin mentir. Y aunque los mexicanos, y en especial el PRI, damos una gran importancia a las formas, no deber\u00edamos descuidar el fondo de los mensajes que ofrecemos al mundo y, por supuesto, a nuestra propia gente.<\/p>\n<p>  <!--more-->  <\/p>\n<p>\u00a0<\/p>\n<p>Durante las \u00faltimas semanas la Secretar\u00eda de Relaciones Exteriores parece optar por comunicar con silencios o con ausencias, con malas decisiones o con mensajes escondidos: en relaci\u00f3n a los nuevos embajadores y c\u00f3nsules generales recientemente nombrados, s\u00f3lo 10 de los 22 que conforman el paquete son miembros del Servicio Exterior Mexicano. S\u00f3lo 6 son mujeres. Hubiera sido mejor ofrecer menos discursos por la equidad de g\u00e9nero y demostrar con hechos que las mujeres pueden tener las mismas responsabilidades que los hombres. Al premiar a tres ex funcionarios de la Sagarpa con puestos diplom\u00e1ticos, parece que los temas agr\u00edcolas son mejores cartas credenciales para un puesto en el extranjero que la pertenencia al Servicio Exterior.<\/p>\n<p>A nuestros representantes en el exterior se les trata como objetos desechables: Hoy se culpa a Miguel Bas\u00e1\u00f1ez del silencio de M\u00e9xico frente a Donald Trump, pero nada se dice sobre las instrucciones que le ped\u00edan seguir esa l\u00ednea de comunicaci\u00f3n, dejando claro a nuestros diplom\u00e1ticos que cualquier d\u00eda cargar\u00e1n con la responsabilidad de las decisiones tomadas por sus superiores.<\/p>\n<p>Con Estados Unidos, nuestro principal socio comercial y el hogar de millones de connacionales, nos comunicamos m\u00e1s a trav\u00e9s de la prensa y las campa\u00f1as medi\u00e1ticas que con canales formales al m\u00e1s alto nivel posible. No en balde nuestra imagen es carne de ca\u00f1\u00f3n electoral.<\/p>\n<p>La campa\u00f1a de Donald Trump no es la causa de nuestra mala imagen en EU. Trump aprovech\u00f3 el vac\u00edo que nuestro pa\u00eds y nuestro gobierno hab\u00edan dejado: cuando uno no tiene identidad ni fuerza, cualquier apodo se le puede acomodar. Para la opini\u00f3n p\u00fablica estadounidense, M\u00e9xico escogi\u00f3 el silencio. Para nuestros connacionales, el abandono. Una tibia reacci\u00f3n ahora dice que M\u00e9xico responder\u00e1 con datos objetivos a Trump, pero olvidan que el xen\u00f3fobo precandidato no utiliz\u00f3 datos, sino odio y estereotipos. Lo que valid\u00f3 al extremista norteamericano fue el silencio que concedi\u00f3 y abandon\u00f3 la plaza, sin dar opci\u00f3n para el contraste. Hoy no se trata de reaccionar ante \u00e9l, sino de posicionar a M\u00e9xico y a los mexicanos.<\/p>\n<p>Al negar la solicitud de visita del relator contra la tortura o no pedir prolongar el mandato del GIEI el mensaje es claro: M\u00e9xico se despoja de su compromiso con los derechos humanos, preocup\u00e1ndonos de que un mecanismo internacional leg\u00edtimo evidencie nuestras carencias institucionales y hasta humanas. Se opta por la cerraz\u00f3n al escrutinio internacional, olvidando que no se trata s\u00f3lo de evaluar al gobierno federal, sino a la realidad nacional que involucra a muchos m\u00e1s actores con importantes pendientes en esta materia.<\/p>\n<p>Finalmente, la Sesi\u00f3n Especial de la Asamblea General de las Naciones Unidas sobre Drogas de 2016: los presidentes de Colombia, Guatemala y M\u00e9xico hicieron un llamado a la ONU para que albergara una conferencia internacional sobre la reforma de las pol\u00edticas de drogas. M\u00e9xico, promotor de esta iniciativa, no tendr\u00e1 presencia presidencial, desperdiciando un espacio de liderazgo, cooperaci\u00f3n e intercambio para buscar soluciones al grav\u00edsimo problema de las drogas. No se trata \u00fanicamente de la posici\u00f3n del gobierno de M\u00e9xico, sino de un fen\u00f3meno global en donde nuestro pa\u00eds tiene mucho que decir, pues pagamos con los costos m\u00e1s dolorosos del mercado criminal de las drogas.<\/p>\n<p>Frente al miedo y a la crisis, no hay m\u00e1s remedio que la acci\u00f3n y que la diplomacia inteligente. La que no busca esconderse. La que rescata lo mejor de M\u00e9xico y la convierte en imagen que refleja nuestra riqueza, no nuestro dolor.<\/p>\n<p>\u00a0<\/p>\n","protected":false},"excerpt":{"rendered":"<p>La diplomacia, contrario a la guerra, existe para construir puentes, no para destruirlos. Busca soluciones a trav\u00e9s del di\u00e1logo, no de la fuerza. Alcanza consensos, dejando fuera los disensos. Comunica sin herir y sin mentir. Y aunque los mexicanos, y en especial el PRI, damos una gran importancia a las formas, no deber\u00edamos descuidar el [&hellip;]<\/p>\n","protected":false},"author":93,"featured_media":0,"comment_status":"open","ping_status":"open","sticky":false,"template":"","format":"standard","meta":{"footnotes":""},"categories":[42],"tags":[],"class_list":["post-19827","post","type-post","status-publish","format-standard","hentry","category-nuestrapalabra"],"_links":{"self":[{"href":"https:\/\/plazajuarez.mx\/historico\/wp-json\/wp\/v2\/posts\/19827","targetHints":{"allow":["GET"]}}],"collection":[{"href":"https:\/\/plazajuarez.mx\/historico\/wp-json\/wp\/v2\/posts"}],"about":[{"href":"https:\/\/plazajuarez.mx\/historico\/wp-json\/wp\/v2\/types\/post"}],"author":[{"embeddable":true,"href":"https:\/\/plazajuarez.mx\/historico\/wp-json\/wp\/v2\/users\/93"}],"replies":[{"embeddable":true,"href":"https:\/\/plazajuarez.mx\/historico\/wp-json\/wp\/v2\/comments?post=19827"}],"version-history":[{"count":0,"href":"https:\/\/plazajuarez.mx\/historico\/wp-json\/wp\/v2\/posts\/19827\/revisions"}],"wp:attachment":[{"href":"https:\/\/plazajuarez.mx\/historico\/wp-json\/wp\/v2\/media?parent=19827"}],"wp:term":[{"taxonomy":"category","embeddable":true,"href":"https:\/\/plazajuarez.mx\/historico\/wp-json\/wp\/v2\/categories?post=19827"},{"taxonomy":"post_tag","embeddable":true,"href":"https:\/\/plazajuarez.mx\/historico\/wp-json\/wp\/v2\/tags?post=19827"}],"curies":[{"name":"wp","href":"https:\/\/api.w.org\/{rel}","templated":true}]}}