{"id":1982,"date":"2015-03-09T06:00:00","date_gmt":"2015-03-09T06:00:00","guid":{"rendered":"http:\/\/plazajuarez.mx\/index\/index.php\/2015\/03\/09\/faltan-43-llaman-a-inscribir-en-boletas\/"},"modified":"2015-03-09T06:00:00","modified_gmt":"2015-03-09T06:00:00","slug":"faltan-43-llaman-a-inscribir-en-boletas","status":"publish","type":"post","link":"https:\/\/plazajuarez.mx\/historico\/faltan-43-llaman-a-inscribir-en-boletas\/","title":{"rendered":"\u201cFaltan 43\u201d: llaman a inscribir en boletas"},"content":{"rendered":"<p style=\"text-align: justify;\"><span style=\"font-size: 10pt; color: #000000;\">M\u00c9XICO, D.F.- Al conmemorar el D\u00eda Internacional de la Mujer, las madres de los 43 normalistas de Ayotzinapa desaparecidos en septiembre del a\u00f1o pasado se manifestaron sobre Avenida Reforma y advirtieron que no aceptar\u00e1n la versi\u00f3n oficial que ha ofrecido la Procuradur\u00eda General de la Rep\u00fablica (PGR).<\/span><\/p>\n<p>  <!--more-->  <\/p>\n<p style=\"text-align: justify;\"><span style=\"font-size: 10pt; color: #000000;\">Tambi\u00e9n llamaron a anular el voto en las pr\u00f3ximas elecciones con la leyenda \u201cFaltan 43\u201d. \u201cNo es que nos aferramos a no aceptar las mentiras que ha dicho el gobierno, sino que no tienen pruebas suficientes, pruebas cient\u00edficas que nos demuestren lo que ellos dicen\u201d, dijo Mar\u00eda Elena Guerrero V\u00e1zquez, madre de Giovanni Galindes Guerrero, uno de los plagiados en Iguala, Guerrero. <\/span><br \/><span style=\"font-size: 10pt; color: #000000;\">Rictus endurecidos y ojos rojos predominaron en el templete: \u201cel dolor ya se nos volvi\u00f3 rabia\u201d, dijo Mar\u00eda Elena. <\/span><br \/><span style=\"font-size: 10pt; color: #000000;\">La marcha inici\u00f3 en el \u00c1ngel de la Independencia y concluy\u00f3 en el Monumento a la Madre. Participaron 2 mil personas, seg\u00fan c\u00e1lculos de las autoridades. Carmen Cruz, madre de Jorge An\u00edbal Cruz Mendoza, dijo que los padres seguir\u00e1n en la calle porque est\u00e1n \u201cenojados e indignados\u201d con el gobierno federal por el mal manejo del caso. <\/span><br \/><span style=\"font-size: 10pt; color: #000000;\">\u201cTambi\u00e9n quiero decir que s\u00ed estamos cansados, pero de tantas mentiras de este gobierno, pero de buscar a nuestros hijos jam\u00e1s nos cansaremos. Vamos a seguir luchando hasta encontrarlos\u201d, advirti\u00f3 la se\u00f1ora Cruz. <\/span><br \/><span style=\"font-size: 10pt; color: #000000;\">Durante la marcha, en frente de las instalaciones de la PGR, Melit\u00f3n Ortega, padre de Mauricio, asegur\u00f3 que exigir\u00e1n a la procuradora Arely G\u00f3mez \u201cnuevas l\u00edneas de investigaci\u00f3n\u201d sobre el caso. <\/span><br \/><span style=\"font-size: 10pt; color: #000000;\">Consider\u00f3 que la salida de Jes\u00fas Murillo Karam, ex procurador general de la Rep\u00fablica, se debe a que cometi\u00f3 errores en la investigaci\u00f3n de este caso. <\/span><br \/><span style=\"font-size: 10pt; color: #000000;\">Melit\u00f3n Ortega insisti\u00f3 en que se han organizado para evitar la instalaci\u00f3n de las casillas en Guerrero para evitar la participaci\u00f3n en las pr\u00f3ximas elecciones. <\/span><br \/><span style=\"font-size: 10pt; color: #000000;\">\u201cLlamamos a no votar porque todos los partidos pol\u00edticos son iguales, solamente se montan en los movimientos sociales sin realmente apoyarlos, es por eso que en algunos estados como Guerrero no se permitir\u00e1 la instalaci\u00f3n de las casillas, el llamado es al no voto y quienes vayan lo anulen y pongan &#8216;faltan 43\u2019\u201d, dijo M\u00f3nica Jim\u00e9nez. <\/span><br \/><span style=\"font-size: 10pt; color: #000000;\">Muestra de ello fueron las pancartas de la marcha, con la leyenda \u201cno vote, mejor luche. La dignidad es primero\u201d. <\/span><br \/><span style=\"font-size: 10pt; color: #000000;\">En el mitin participaron los sindicatos Mexicano de Electricistas y de Trabajadores de la UNAM, los movimientos de trabajadores socialistas y de enfermeras, la Uni\u00f3n de vecinos de la colonia Guerrero, el Congreso Popular y Social del DF, el Colectivo Pan y Rosas, la Universidad Obrera de M\u00e9xico, entre otros. <\/span><br \/><span style=\"font-size: 10pt; color: #000000;\">A la par de la marcha particip\u00f3 un grupo de j\u00f3venes que transitaban sobre la banqueta de Reforma, semidesnudos y maquillados de blanco con una cruz rosa en el pecho, para denunciar, entre otras situaciones, los feminicidios. (Agencias)<\/span><\/p>\n","protected":false},"excerpt":{"rendered":"<p>M\u00c9XICO, D.F.- Al conmemorar el D\u00eda Internacional de la Mujer, las madres de los 43 normalistas de Ayotzinapa desaparecidos en septiembre del a\u00f1o pasado se manifestaron sobre Avenida Reforma y advirtieron que no aceptar\u00e1n la versi\u00f3n oficial que ha ofrecido la Procuradur\u00eda General de la Rep\u00fablica (PGR).<\/p>\n","protected":false},"author":93,"featured_media":0,"comment_status":"open","ping_status":"open","sticky":false,"template":"","format":"standard","meta":{"footnotes":""},"categories":[36],"tags":[],"class_list":["post-1982","post","type-post","status-publish","format-standard","hentry","category-nacion"],"_links":{"self":[{"href":"https:\/\/plazajuarez.mx\/historico\/wp-json\/wp\/v2\/posts\/1982","targetHints":{"allow":["GET"]}}],"collection":[{"href":"https:\/\/plazajuarez.mx\/historico\/wp-json\/wp\/v2\/posts"}],"about":[{"href":"https:\/\/plazajuarez.mx\/historico\/wp-json\/wp\/v2\/types\/post"}],"author":[{"embeddable":true,"href":"https:\/\/plazajuarez.mx\/historico\/wp-json\/wp\/v2\/users\/93"}],"replies":[{"embeddable":true,"href":"https:\/\/plazajuarez.mx\/historico\/wp-json\/wp\/v2\/comments?post=1982"}],"version-history":[{"count":0,"href":"https:\/\/plazajuarez.mx\/historico\/wp-json\/wp\/v2\/posts\/1982\/revisions"}],"wp:attachment":[{"href":"https:\/\/plazajuarez.mx\/historico\/wp-json\/wp\/v2\/media?parent=1982"}],"wp:term":[{"taxonomy":"category","embeddable":true,"href":"https:\/\/plazajuarez.mx\/historico\/wp-json\/wp\/v2\/categories?post=1982"},{"taxonomy":"post_tag","embeddable":true,"href":"https:\/\/plazajuarez.mx\/historico\/wp-json\/wp\/v2\/tags?post=1982"}],"curies":[{"name":"wp","href":"https:\/\/api.w.org\/{rel}","templated":true}]}}