{"id":198149,"date":"2022-01-06T10:01:09","date_gmt":"2022-01-06T16:01:09","guid":{"rendered":"https:\/\/plazajuarez.mx\/?p=198149"},"modified":"2022-01-06T10:01:20","modified_gmt":"2022-01-06T16:01:20","slug":"piden-penas-de-39-y-25-anos-de-carcel-para-lozoya-y-su-mama","status":"publish","type":"post","link":"https:\/\/plazajuarez.mx\/historico\/piden-penas-de-39-y-25-anos-de-carcel-para-lozoya-y-su-mama\/","title":{"rendered":"Piden penas de 39 y 25 a\u00f1os de c\u00e1rcel para Lozoya y su mam\u00e1"},"content":{"rendered":"\n<p> La Fiscal\u00eda General de la Rep\u00fablica (FGR) pidi\u00f3 25 a\u00f1os de prisi\u00f3n contra Gilda Margarita Austin, mam\u00e1 de Emilio Lozoya Austin, quien est\u00e1 procesada en el caso Odebrecht por los delitos de lavado de dinero y asociaci\u00f3n delictuosa.<\/p>\n\n\n\n<p>De igual forma, el Ministerio P\u00fablico Federal present\u00f3 acusaci\u00f3n formal ante al juez de Control del Reclusorio Norte, Jos\u00e9 Artemio Z\u00fa\u00f1iga Mendoza, contra el director de Pemex, Emilio Lozoya, para quien solicit\u00f3 39 a\u00f1os de prisi\u00f3n por la comisi\u00f3n en su conjunto de los delitos de &#8220;lavado&#8221; de dinero, cohecho y asociaci\u00f3n delictuosa en el caso de los sobornos de la constructora brasile\u00f1a Odebrecht.<\/p>\n\n\n\n<p>Fuentes judiciales confirmaron que la FGR present\u00f3 en d\u00edas pasados ambas acusaciones formales, las cuales ser\u00e1n analizadas por el juez de la causa.<\/p>\n\n\n\n<p>El Ministerio P\u00fablico de la Federaci\u00f3n solicit\u00f3 al juez imponer a Lozoya Austin 15 a\u00f1os de c\u00e1rcel por el delito de &#8220;lavado&#8221; de dinero; 14 a\u00f1os por cohecho y 10 m\u00e1s por asociaci\u00f3n delictuosa.<\/p>\n","protected":false},"excerpt":{"rendered":"<p>La Fiscal\u00eda General de la Rep\u00fablica (FGR) pidi\u00f3 25 a\u00f1os de prisi\u00f3n contra Gilda Margarita Austin, mam\u00e1 de Emilio Lozoya Austin, quien est\u00e1 procesada en el caso Odebrecht por los delitos de lavado de dinero y asociaci\u00f3n delictuosa. De igual forma, el Ministerio P\u00fablico Federal present\u00f3 acusaci\u00f3n formal ante al juez de Control del Reclusorio [&hellip;]<\/p>\n","protected":false},"author":81,"featured_media":198150,"comment_status":"closed","ping_status":"closed","sticky":false,"template":"","format":"standard","meta":{"footnotes":""},"categories":[36],"tags":[],"class_list":["post-198149","post","type-post","status-publish","format-standard","has-post-thumbnail","hentry","category-nacion"],"_links":{"self":[{"href":"https:\/\/plazajuarez.mx\/historico\/wp-json\/wp\/v2\/posts\/198149","targetHints":{"allow":["GET"]}}],"collection":[{"href":"https:\/\/plazajuarez.mx\/historico\/wp-json\/wp\/v2\/posts"}],"about":[{"href":"https:\/\/plazajuarez.mx\/historico\/wp-json\/wp\/v2\/types\/post"}],"author":[{"embeddable":true,"href":"https:\/\/plazajuarez.mx\/historico\/wp-json\/wp\/v2\/users\/81"}],"replies":[{"embeddable":true,"href":"https:\/\/plazajuarez.mx\/historico\/wp-json\/wp\/v2\/comments?post=198149"}],"version-history":[{"count":0,"href":"https:\/\/plazajuarez.mx\/historico\/wp-json\/wp\/v2\/posts\/198149\/revisions"}],"wp:featuredmedia":[{"embeddable":true,"href":"https:\/\/plazajuarez.mx\/historico\/wp-json\/wp\/v2\/media\/198150"}],"wp:attachment":[{"href":"https:\/\/plazajuarez.mx\/historico\/wp-json\/wp\/v2\/media?parent=198149"}],"wp:term":[{"taxonomy":"category","embeddable":true,"href":"https:\/\/plazajuarez.mx\/historico\/wp-json\/wp\/v2\/categories?post=198149"},{"taxonomy":"post_tag","embeddable":true,"href":"https:\/\/plazajuarez.mx\/historico\/wp-json\/wp\/v2\/tags?post=198149"}],"curies":[{"name":"wp","href":"https:\/\/api.w.org\/{rel}","templated":true}]}}