{"id":198145,"date":"2022-01-06T09:58:10","date_gmt":"2022-01-06T15:58:10","guid":{"rendered":"https:\/\/plazajuarez.mx\/?p=198145"},"modified":"2022-01-06T09:58:20","modified_gmt":"2022-01-06T15:58:20","slug":"anuncian-nuevo-trazo-de-tren-maya","status":"publish","type":"post","link":"https:\/\/plazajuarez.mx\/historico\/anuncian-nuevo-trazo-de-tren-maya\/","title":{"rendered":"Anuncian nuevo trazo de Tren Maya"},"content":{"rendered":"\n<p>El presidente L\u00f3pez Obrador anunci\u00f3 AYER que se est\u00e1 definiendo un nuevo trazo para el Tren Maya en su paso por la Rivera Maya, en Quintana Roo.<\/p>\n\n\n\n<p>Por este motivo, inform\u00f3 en su conferencia de prensa, que comision\u00f3 a Ad\u00e1n Augusto L\u00f3pez Hern\u00e1ndez, titular de Gobernaci\u00f3n (Segob), a acudir a este destino tur\u00edstico para hablar con los empresarios hoteleros para que &#8220;cooperen&#8221; y apoyen este nuevo dise\u00f1o del proyecto ferroviario, pues reconoci\u00f3 que &#8220;tenemos el tiempo encima&#8221; y no se puede detener.<\/p>\n\n\n\n<p>En Palacio Nacional, el presidente L\u00f3pez Obrador garantiz\u00f3 que este nuevo dise\u00f1o del Tren Maya no afectar\u00e1 a los terrenos de los<\/p>\n","protected":false},"excerpt":{"rendered":"<p>El presidente L\u00f3pez Obrador anunci\u00f3 AYER que se est\u00e1 definiendo un nuevo trazo para el Tren Maya en su paso por la Rivera Maya, en Quintana Roo. Por este motivo, inform\u00f3 en su conferencia de prensa, que comision\u00f3 a Ad\u00e1n Augusto L\u00f3pez Hern\u00e1ndez, titular de Gobernaci\u00f3n (Segob), a acudir a este destino tur\u00edstico para hablar [&hellip;]<\/p>\n","protected":false},"author":81,"featured_media":198146,"comment_status":"closed","ping_status":"closed","sticky":false,"template":"","format":"standard","meta":{"footnotes":""},"categories":[36],"tags":[],"class_list":["post-198145","post","type-post","status-publish","format-standard","has-post-thumbnail","hentry","category-nacion"],"_links":{"self":[{"href":"https:\/\/plazajuarez.mx\/historico\/wp-json\/wp\/v2\/posts\/198145","targetHints":{"allow":["GET"]}}],"collection":[{"href":"https:\/\/plazajuarez.mx\/historico\/wp-json\/wp\/v2\/posts"}],"about":[{"href":"https:\/\/plazajuarez.mx\/historico\/wp-json\/wp\/v2\/types\/post"}],"author":[{"embeddable":true,"href":"https:\/\/plazajuarez.mx\/historico\/wp-json\/wp\/v2\/users\/81"}],"replies":[{"embeddable":true,"href":"https:\/\/plazajuarez.mx\/historico\/wp-json\/wp\/v2\/comments?post=198145"}],"version-history":[{"count":0,"href":"https:\/\/plazajuarez.mx\/historico\/wp-json\/wp\/v2\/posts\/198145\/revisions"}],"wp:featuredmedia":[{"embeddable":true,"href":"https:\/\/plazajuarez.mx\/historico\/wp-json\/wp\/v2\/media\/198146"}],"wp:attachment":[{"href":"https:\/\/plazajuarez.mx\/historico\/wp-json\/wp\/v2\/media?parent=198145"}],"wp:term":[{"taxonomy":"category","embeddable":true,"href":"https:\/\/plazajuarez.mx\/historico\/wp-json\/wp\/v2\/categories?post=198145"},{"taxonomy":"post_tag","embeddable":true,"href":"https:\/\/plazajuarez.mx\/historico\/wp-json\/wp\/v2\/tags?post=198145"}],"curies":[{"name":"wp","href":"https:\/\/api.w.org\/{rel}","templated":true}]}}