{"id":198127,"date":"2022-01-06T08:10:56","date_gmt":"2022-01-06T14:10:56","guid":{"rendered":"https:\/\/plazajuarez.mx\/?p=198127"},"modified":"2022-01-06T08:11:05","modified_gmt":"2022-01-06T14:11:05","slug":"con-normas-sanitarias-continuan-eventos-masivos-en-tulancingo","status":"publish","type":"post","link":"https:\/\/plazajuarez.mx\/historico\/con-normas-sanitarias-continuan-eventos-masivos-en-tulancingo\/","title":{"rendered":"Con normas sanitarias, contin\u00faan eventos masivos en Tulancingo"},"content":{"rendered":"\n<p><\/p>\n\n\n\n<p><strong>Tulancingo<\/strong><\/p>\n\n\n\n<p>En pr\u00f3ximas fechas, el municipio de Tulancingo ha autorizado por lo menos cuatro eventos masivos, entre ellos, un concierto del afamado grupo Bronco en las instalaciones del Palenque de la Feria; los cuales se podr\u00e1n realizar siempre y cuando se cumplan con las normas sanitarias establecidas.<\/p>\n\n\n\n<p>As\u00ed lo manifest\u00f3 el presidente municipal, Jorge M\u00e1rquez Alvarado, quien asegur\u00f3 que se respetar\u00e1 la realizaci\u00f3n de dichos eventos, pero bajo un estricto control sanitario, y sobre todo, una afluencia no mayor al 30 por ciento de capacidad.<\/p>\n\n\n\n<p>Lo anterior, en el marco de la primera sesi\u00f3n del a\u00f1o, del Comit\u00e9 de Seguridad en Salud, donde se ratific\u00f3 que no se han identificado casos de&nbsp; \u00f3micron en el municipio, ni en la regi\u00f3n.<\/p>\n\n\n\n<p>\u201cLos vamos a encuadrar (los eventos) a las nuevas normas que ha recomendado el Consejo de Salud Estatal, que preside el gobernador y el secretario de Salud, y esto es un tema de respeto de las normas, las vamos a aplicar\u201d, dijo el alcalde.<\/p>\n\n\n\n<p>Agreg\u00f3 que si los empresarios se salen de dichas normas o si financieramente no les convienen, ellos decidir\u00e1n suspender o no.&nbsp;<\/p>\n\n\n\n<p>Respecto a la empresa que fue sancionada hace unas semanas por saturar un concierto en el mismo recinto del palenque de feria, el jefe del Ejecutivo municipal confirm\u00f3 que cubri\u00f3 su multa por 80 mil pesos.<\/p>\n\n\n\n<p>Insisti\u00f3 en que la reducci\u00f3n de aforos, en antros y centros nocturnos, bares y cantinas, electr\u00f3nicos y \u00e1reas de juegos infantiles as\u00ed como gimnasios, es al 30 por ciento. Lo mismo aplica en eventos musicales masivos y centros religiosos.<\/p>\n","protected":false},"excerpt":{"rendered":"<p>Tulancingo En pr\u00f3ximas fechas, el municipio de Tulancingo ha autorizado por lo menos cuatro eventos masivos, entre ellos, un concierto del afamado grupo Bronco en las instalaciones del Palenque de la Feria; los cuales se podr\u00e1n realizar siempre y cuando se cumplan con las normas sanitarias establecidas. As\u00ed lo manifest\u00f3 el presidente municipal, Jorge M\u00e1rquez [&hellip;]<\/p>\n","protected":false},"author":70,"featured_media":198128,"comment_status":"closed","ping_status":"closed","sticky":false,"template":"","format":"standard","meta":{"footnotes":""},"categories":[2159,40],"tags":[],"class_list":["post-198127","post","type-post","status-publish","format-standard","has-post-thumbnail","hentry","category-noticias-de-hidalgo","category-region"],"_links":{"self":[{"href":"https:\/\/plazajuarez.mx\/historico\/wp-json\/wp\/v2\/posts\/198127","targetHints":{"allow":["GET"]}}],"collection":[{"href":"https:\/\/plazajuarez.mx\/historico\/wp-json\/wp\/v2\/posts"}],"about":[{"href":"https:\/\/plazajuarez.mx\/historico\/wp-json\/wp\/v2\/types\/post"}],"author":[{"embeddable":true,"href":"https:\/\/plazajuarez.mx\/historico\/wp-json\/wp\/v2\/users\/70"}],"replies":[{"embeddable":true,"href":"https:\/\/plazajuarez.mx\/historico\/wp-json\/wp\/v2\/comments?post=198127"}],"version-history":[{"count":0,"href":"https:\/\/plazajuarez.mx\/historico\/wp-json\/wp\/v2\/posts\/198127\/revisions"}],"wp:featuredmedia":[{"embeddable":true,"href":"https:\/\/plazajuarez.mx\/historico\/wp-json\/wp\/v2\/media\/198128"}],"wp:attachment":[{"href":"https:\/\/plazajuarez.mx\/historico\/wp-json\/wp\/v2\/media?parent=198127"}],"wp:term":[{"taxonomy":"category","embeddable":true,"href":"https:\/\/plazajuarez.mx\/historico\/wp-json\/wp\/v2\/categories?post=198127"},{"taxonomy":"post_tag","embeddable":true,"href":"https:\/\/plazajuarez.mx\/historico\/wp-json\/wp\/v2\/tags?post=198127"}],"curies":[{"name":"wp","href":"https:\/\/api.w.org\/{rel}","templated":true}]}}