{"id":198073,"date":"2022-01-06T07:26:10","date_gmt":"2022-01-06T13:26:10","guid":{"rendered":"https:\/\/plazajuarez.mx\/?p=198073"},"modified":"2022-01-06T07:26:27","modified_gmt":"2022-01-06T13:26:27","slug":"dese-por-enterado-949","status":"publish","type":"post","link":"https:\/\/plazajuarez.mx\/historico\/dese-por-enterado-949\/","title":{"rendered":"DESE POR ENTERADO"},"content":{"rendered":"\n<p><\/p>\n\n\n\n<p><strong>LA TAMBI\u00c9N IMPOSIBLE UNIDAD EN MORENA. &#8211;<\/strong> <strong>Andr\u00e9s Caballero Zer\u00f3n<\/strong>, diputado local morenista y al mismo tiempo presidente del Consejo Estatal de Morena, sabe sin duda que es imposible la unidad con Nueva Alianza y PT en el Congreso local. Sabe, vaya que lo sabe, que cada cual jalar\u00e1 para donde lo gu\u00ede su conveniencia, simplemente porque as\u00ed es la pol\u00edtica, y \u00e9l mismo en no pocas ocasiones ha tenido que aplicar esa m\u00e1xima en estos menesteres. Sabe que cuando ni en su propio partido existe un sentimiento real de unidad, mucho menos existir\u00e1 con otros que se sumaron porque era la \u00fanica forma de sobrevivir, a\u00fan cuando representan muy poco o nada. Sabe que los aceptaron tambi\u00e9n por conveniencia, no porque coincidan en ideolog\u00edas ni en objetivos. Sabe que la pol\u00edtica es as\u00ed, que nunca cambiar\u00e1.<\/p>\n\n\n\n<p>***<\/p>\n\n\n\n<p><strong>AS\u00cd QUE EL PRI, \u00bfGANE QUIEN GANE, YA PERDI\u00d3 LA GUBERNATURA? &#8211;<\/strong> Parece un hecho que Acci\u00f3n Nacional, \u201cluego de meticulosas y sesudas b\u00fasquedas, descubri\u00f3 que no cuenta con ning\u00fan perfil femenino para que sea su candidata a la gubernatura de Hidalgo\u201d, luego entonces se confirma que <strong>Carolina Viggiano<\/strong> ser\u00e1 la nominada en esta rara carambola, que se supone ante un eventual triunfo llevar\u00eda a la primera mujer panista-pri\u00edsta-perredista a la primera magistratura estatal. \u00bfEs decir que el PRI seguir\u00eda en el poder o no?&nbsp; Ahora bien, en el caso del senador, <strong>Julio Menchaca<\/strong>, casi seguro abanderado morenista, de ganar se dar\u00eda en autom\u00e1tico la alternancia, igual que de confirmarse la candidatura de <strong>Israel F\u00e9lix<\/strong> por Movimiento Ciudadano, ser\u00eda otro partido, aunque con un seguro ex pri\u00edsta que reci\u00e9n habr\u00eda renunciado a su instituto pol\u00edtico\u2026 o qui\u00e9n sabe. Vaya pues que a estas alturas ya nadie sabe d\u00f3nde qued\u00f3 la bolita, o si fue primero el huevo o el pollo.<\/p>\n\n\n\n<p>***<\/p>\n\n\n\n<p><strong>\u201cNI PATI\u00d1OS, NI ESQUIROLES\u201d.<\/strong> &#8211; <strong>Asael Hern\u00e1ndez<\/strong>, coordinador pol\u00edtico y de estrategia del PAN en Hidalgo, asegur\u00f3 que de ning\u00fan modo se prestan para ser pati\u00f1os ni esquiroles de nadie. Eso s\u00ed, adelant\u00f3 que a\u00fan cuando no est\u00e1 acordada la eventual nominaci\u00f3n de <strong>Carolina Viggiano<\/strong> como su candidata, y por lo tanto de la alianza que llevan con PRI y PRD, con todo y que los tricolores locales no andan muy contentos que digamos, ven en la posible candidata a una mujer preparada, de amplia experiencia y trayectoria. Como quien dice, no estaba acordado el asunto, pero para efectos pr\u00e1cticos, ya todo est\u00e1 consumado. No pues s\u00ed.<\/p>\n\n\n\n<p>***<\/p>\n\n\n\n<p><strong>Y A TODO ESTO, \u00bfQU\u00c9 PAPEL JUEGA EN ESTE ENTIERRO EL PRI?. &#8211;<\/strong> Aqu\u00ed es donde el asunto se complica m\u00e1s, porque a ciencia cierta el Comit\u00e9 Directivo Estatal tricolor, que preside <strong>Julio Valera<\/strong>, ya no sabe si re\u00edr o llorar ante esta situaci\u00f3n, en que de pronto los dejaron como al chinito \u201cnom\u00e1s milando\u201d, de tal modo que todos nom\u00e1s se miran con ojos de interrogaci\u00f3n y se preguntan qu\u00e9 jijos ha pasado. Porque no solo no los invitaron a la fiesta, sino que hasta les robaron su pastel, justo cuando pensaban que esa foto de unidad de <strong>Viggiano con F\u00e9lix<\/strong> era real. Fue real, pero no fue real. Sin embargo, algo se traen, porque han preferido re\u00edr que llorar, y se comenta que en breve nos enteraremos de lo que habr\u00e1 de suceder.<\/p>\n\n\n\n<p>***<\/p>\n\n\n\n<p><strong>Aviso para que no digan: Esta columna se nutre de comentarios recabados por agencias del Recontra-Espionaje, muy similares a las que populariz\u00f3 el \u201cS\u00faper Agente 86\u201d en sus tiempos. Como tal lo que publicamos puede que sea cierto, puede que no, o todo lo contrario. Est\u00e1 usted en libertad de creer o no lo que lee, recontra-enojarse, recontra- carcajearse y hasta recontra-recordarnos a nuestra jefecita (nosotros recontra-haremos lo propio). Avisado est\u00e1 usted.&nbsp;<\/strong><\/p>\n\n\n\n<p><strong>desexenterado@gmail.com @desexenterado&nbsp;<\/strong><\/p>\n","protected":false},"excerpt":{"rendered":"<p>LA TAMBI\u00c9N IMPOSIBLE UNIDAD EN MORENA. &#8211; Andr\u00e9s Caballero Zer\u00f3n, diputado local morenista y al mismo tiempo presidente del Consejo Estatal de Morena, sabe sin duda que es imposible la unidad con Nueva Alianza y PT en el Congreso local. Sabe, vaya que lo sabe, que cada cual jalar\u00e1 para donde lo gu\u00ede su conveniencia, [&hellip;]<\/p>\n","protected":false},"author":93,"featured_media":182945,"comment_status":"closed","ping_status":"closed","sticky":false,"template":"","format":"standard","meta":{"footnotes":""},"categories":[83],"tags":[],"class_list":["post-198073","post","type-post","status-publish","format-standard","has-post-thumbnail","hentry","category-dese-por-enterado"],"_links":{"self":[{"href":"https:\/\/plazajuarez.mx\/historico\/wp-json\/wp\/v2\/posts\/198073","targetHints":{"allow":["GET"]}}],"collection":[{"href":"https:\/\/plazajuarez.mx\/historico\/wp-json\/wp\/v2\/posts"}],"about":[{"href":"https:\/\/plazajuarez.mx\/historico\/wp-json\/wp\/v2\/types\/post"}],"author":[{"embeddable":true,"href":"https:\/\/plazajuarez.mx\/historico\/wp-json\/wp\/v2\/users\/93"}],"replies":[{"embeddable":true,"href":"https:\/\/plazajuarez.mx\/historico\/wp-json\/wp\/v2\/comments?post=198073"}],"version-history":[{"count":0,"href":"https:\/\/plazajuarez.mx\/historico\/wp-json\/wp\/v2\/posts\/198073\/revisions"}],"wp:featuredmedia":[{"embeddable":true,"href":"https:\/\/plazajuarez.mx\/historico\/wp-json\/wp\/v2\/media\/182945"}],"wp:attachment":[{"href":"https:\/\/plazajuarez.mx\/historico\/wp-json\/wp\/v2\/media?parent=198073"}],"wp:term":[{"taxonomy":"category","embeddable":true,"href":"https:\/\/plazajuarez.mx\/historico\/wp-json\/wp\/v2\/categories?post=198073"},{"taxonomy":"post_tag","embeddable":true,"href":"https:\/\/plazajuarez.mx\/historico\/wp-json\/wp\/v2\/tags?post=198073"}],"curies":[{"name":"wp","href":"https:\/\/api.w.org\/{rel}","templated":true}]}}