{"id":197876,"date":"2022-01-04T17:56:19","date_gmt":"2022-01-04T23:56:19","guid":{"rendered":"https:\/\/plazajuarez.mx\/?p=197876"},"modified":"2022-01-04T17:56:31","modified_gmt":"2022-01-04T23:56:31","slug":"el-papa-lamenta-desigualdades-sanitarias-y-falta-de-vacunas-en-paises-pobres","status":"publish","type":"post","link":"https:\/\/plazajuarez.mx\/historico\/el-papa-lamenta-desigualdades-sanitarias-y-falta-de-vacunas-en-paises-pobres\/","title":{"rendered":"El Papa lamenta desigualdades sanitarias y &#8220;falta de vacunas&#8221; en pa\u00edses pobres"},"content":{"rendered":"\n<p>(EFE) El papa lament\u00f3 hoy las desigualdades que existen en el acceso a la sanidad, especialmente en los pa\u00edses m\u00e1s pobres donde &#8220;recibir un tratamiento adecuado sigue siendo un lujo&#8221;, y puso como ejemplo &#8220;la falta de disponibilidad de vacunas&#8221; contra el Covid-19, en un mensaje por el D\u00eda Mundial del Enfermo.<\/p>\n\n\n\n<p>&#8220;Pienso sobre todo en los habitantes de las zonas m\u00e1s pobres del planeta, donde a veces hay que recorrer largas distancias para encontrar centros de asistencia sanitaria que, a pesar de contar con recursos limitados, ofrecen todo lo que tienen a su disposici\u00f3n&#8221;, dijo Francisco.<\/p>\n\n\n\n<p>En su discurso, el pont\u00edfice agradeci\u00f3 el trabajo que realizan de las iglesias locales, pero insisti\u00f3 en que &#8220;todav\u00eda queda mucho camino por recorrer para garantizar a todas las personas enfermas, principalmente en los lugares y en las situaciones de mayor pobreza y exclusi\u00f3n, la atenci\u00f3n sanitaria que necesitan, as\u00ed como el acompa\u00f1amiento pastoral&#8221;.<\/p>\n\n\n\n<p>Con motivo del D\u00eda Mundial del Enfermo, el papa record\u00f3 a todos aquellos enfermos que, &#8220;durante este tiempo de pandemia, han vivido en la soledad de una unidad de cuidados intensivos la \u00faltima etapa de su existencia&#8221; sin contar con sus seres queridos.<\/p>\n\n\n\n<p>Por esta raz\u00f3n pidi\u00f3 a todos los agentes sanitarios que tengan en cuenta que &#8220;el enfermo es siempre m\u00e1s importante que su enfermedad y por eso cada enfoque terap\u00e9utico no puede prescindir de escuchar al paciente, de su historia, de sus angustiar y de sus miedos&#8221;.<\/p>\n\n\n\n<p>En esta l\u00ednea, Francisco subray\u00f3 que &#8220;incluso cuando no es posible curar, siempre es posible cuidar, consolar y hacer sentir una cercan\u00eda que muestra inter\u00e9s por la persona antes que por su patolog\u00eda&#8221;.<\/p>\n\n\n\n<p>Finalmente, destac\u00f3 la importancia de contar con la presencia de testigos de la caridad de Dios que muestren la &#8220;misericordia del Padre&#8221; a los enfermos y de los centros de asistencia sanitaria abiertos por la comunidad cristiana.<\/p>\n","protected":false},"excerpt":{"rendered":"<p>(EFE) El papa lament\u00f3 hoy las desigualdades que existen en el acceso a la sanidad, especialmente en los pa\u00edses m\u00e1s pobres donde &#8220;recibir un tratamiento adecuado sigue siendo un lujo&#8221;, y puso como ejemplo &#8220;la falta de disponibilidad de vacunas&#8221; contra el Covid-19, en un mensaje por el D\u00eda Mundial del Enfermo. &#8220;Pienso sobre todo [&hellip;]<\/p>\n","protected":false},"author":80,"featured_media":197879,"comment_status":"closed","ping_status":"closed","sticky":false,"template":"","format":"standard","meta":{"footnotes":""},"categories":[31],"tags":[],"class_list":["post-197876","post","type-post","status-publish","format-standard","has-post-thumbnail","hentry","category-orbe"],"_links":{"self":[{"href":"https:\/\/plazajuarez.mx\/historico\/wp-json\/wp\/v2\/posts\/197876","targetHints":{"allow":["GET"]}}],"collection":[{"href":"https:\/\/plazajuarez.mx\/historico\/wp-json\/wp\/v2\/posts"}],"about":[{"href":"https:\/\/plazajuarez.mx\/historico\/wp-json\/wp\/v2\/types\/post"}],"author":[{"embeddable":true,"href":"https:\/\/plazajuarez.mx\/historico\/wp-json\/wp\/v2\/users\/80"}],"replies":[{"embeddable":true,"href":"https:\/\/plazajuarez.mx\/historico\/wp-json\/wp\/v2\/comments?post=197876"}],"version-history":[{"count":0,"href":"https:\/\/plazajuarez.mx\/historico\/wp-json\/wp\/v2\/posts\/197876\/revisions"}],"wp:featuredmedia":[{"embeddable":true,"href":"https:\/\/plazajuarez.mx\/historico\/wp-json\/wp\/v2\/media\/197879"}],"wp:attachment":[{"href":"https:\/\/plazajuarez.mx\/historico\/wp-json\/wp\/v2\/media?parent=197876"}],"wp:term":[{"taxonomy":"category","embeddable":true,"href":"https:\/\/plazajuarez.mx\/historico\/wp-json\/wp\/v2\/categories?post=197876"},{"taxonomy":"post_tag","embeddable":true,"href":"https:\/\/plazajuarez.mx\/historico\/wp-json\/wp\/v2\/tags?post=197876"}],"curies":[{"name":"wp","href":"https:\/\/api.w.org\/{rel}","templated":true}]}}