{"id":197863,"date":"2022-01-04T17:25:07","date_gmt":"2022-01-04T23:25:07","guid":{"rendered":"https:\/\/plazajuarez.mx\/?p=197863"},"modified":"2022-01-04T17:25:26","modified_gmt":"2022-01-04T23:25:26","slug":"intel-espera-dejar-atras-la-escasez-de-chips-con-28-nuevos-modelos","status":"publish","type":"post","link":"https:\/\/plazajuarez.mx\/historico\/intel-espera-dejar-atras-la-escasez-de-chips-con-28-nuevos-modelos\/","title":{"rendered":"Intel espera dejar atr\u00e1s la escasez de chips con 28 nuevos modelos"},"content":{"rendered":"\n<p>(EFE) El mayor fabricante mundial de microprocesadores, el estadounidense Intel, present\u00f3 este martes 28 nuevos modelos de arquitectura h\u00edbrida, con los que espera consolidar su dominio del mercado y dejar atr\u00e1s la escasez de chips vivida en 2021.<\/p>\n\n\n\n<p>Los procesadores de arquitectura h\u00edbrida -que priorizan tanto eficiencia como potencia- son de duod\u00e9cima generaci\u00f3n y est\u00e1n equipados cada uno con 14 n\u00facleos.<\/p>\n\n\n\n<p>En una rueda de prensa previa al inicio de la feria de electr\u00f3nica de consumo CES -que empezar\u00e1 el mi\u00e9rcoles con un formato mixto, virtual y presencial por la pandemia-, el vicepresidente ejecutivo de Intel, Gregory Bryant, mostr\u00f3 al p\u00fablico los nuevos microprocesadores.<\/p>\n\n\n\n<p>&#8220;Con la introducci\u00f3n de los procesadores m\u00f3viles de duod\u00e9cima generaci\u00f3n, abrimos la puerta a nuevas experiencias y fijamos el est\u00e1ndar de potencia con el mayor procesador jam\u00e1s desarrollado para una computadora&#8221;, indic\u00f3 Bryant.<\/p>\n\n\n\n<p>UN 40 % M\u00c1S R\u00c1PIDOS<\/p>\n\n\n\n<p>Seg\u00fan la empresa de Santa Clara (California, EE.UU.), los nuevos chips son un 40 % m\u00e1s r\u00e1pidos que los de la generaci\u00f3n anterior y son lo suficientemente adaptables como para crear computadoras que se ajusten a las necesidades propias de cada consumidor, desde aquellos que las quieran para jugar hasta aquellos que las usen para trabajar.<\/p>\n\n\n\n<p>De los 14 n\u00facleos que tienen los chips de duod\u00e9cima generaci\u00f3n, 8 son n\u00facleos E, centrados en la obtenci\u00f3n de eficiencia, y los otros 6 son n\u00facleos P, cuyo principal objetivo es aumentar la potencia.<\/p>\n\n\n\n<p>El anuncio de Intel se produce despu\u00e9s de un a\u00f1o, 2021, marcado por la escasez de microchips a nivel mundial, derivada tanto de un aumento de la demanda como del cuello de botella generado en la cadena de suministros y otros problemas de producci\u00f3n a causa de la pandemia de covid-19.<\/p>\n\n\n\n<p>La falta de chips ha tenido serias consecuencias para la industria y la econom\u00eda mundial, ya que ha generado problemas y retrasos en la producci\u00f3n de bienes tan diversos como computadoras, tel\u00e9fonos, autom\u00f3viles y todo tipo de electrodom\u00e9sticos inteligentes.<\/p>\n\n\n\n<p>UN VEH\u00cdCULO AUT\u00d3NOMO PARA EL MERCADO CHINO<\/p>\n\n\n\n<p>Adem\u00e1s de presentar los nuevos chips, Intel tambi\u00e9n anunci\u00f3 este martes que su unidad de veh\u00edculos que circulan sin conductor, Mobileye, est\u00e1 trabajando con la china Zeekr para sacar al mercado en el pa\u00eds asi\u00e1tico un autom\u00f3vil aut\u00f3nomo en 2024.<\/p>\n\n\n\n<p>Mobileye, creada en Jerusal\u00e9n en 1999 y adquirida por Intel, produce autom\u00f3viles aut\u00f3nomos y sistemas avanzados de prevenci\u00f3n de accidentes para otros fabricantes, y fabrica el sistema EyeQ de detecci\u00f3n de peligros, del que ha vendido 100 millones de unidades.<\/p>\n\n\n\n<p>En paralelo al anuncio de Intel, uno de sus mayores rivales en el sector, el tambi\u00e9n estadounidense AMD, lanz\u00f3 este martes su microchip Ryzen 6000 para ordenadores, que tiene una capacidad de procesamiento 1,3 veces m\u00e1s r\u00e1pida que el anterior y un rendimiento dos veces mejor para videojuegos.<\/p>\n\n\n\n<p>La mayor feria de electr\u00f3nica de consumo del mundo, CES, tiene prevista su celebraci\u00f3n en un formato mixto en Las Vegas (Nevada, EE.UU.) a partir del mi\u00e9rcoles, pero la fuerte incidencia de \u00f3micron ha obligado a reducir su duraci\u00f3n de cuatro a tres d\u00edas.<\/p>\n\n\n\n<p>Como &#8220;medida de precauci\u00f3n adicional&#8221;, CES se celebrar\u00e1 del 5 al 7 de enero, en lugar de hasta el 8 de enero como inicialmente estaba planeado, y es previsible que la parte virtual del evento cobre todav\u00eda m\u00e1s importancia, dado que muchas de las grandes empresas han cancelado su presencia f\u00edsica.<\/p>\n\n\n\n<p>Algunos de los expositores m\u00e1s destacados como Amazon, Microsoft, Intel, Google, Meta (Facebook), AMD, General Motors y BMW no tendr\u00e1n representaci\u00f3n en persona en Las Vegas, pero s\u00ed mantendr\u00e1n actos virtuales.<\/p>\n\n\n\n<p>Antes de la pandemia, CES reun\u00eda anualmente a m\u00e1s de 10.000 personas en la ciudad del juego, pero el a\u00f1o pasado se cambi\u00f3 a un formato completamente virtual.<\/p>\n","protected":false},"excerpt":{"rendered":"<p>(EFE) El mayor fabricante mundial de microprocesadores, el estadounidense Intel, present\u00f3 este martes 28 nuevos modelos de arquitectura h\u00edbrida, con los que espera consolidar su dominio del mercado y dejar atr\u00e1s la escasez de chips vivida en 2021. Los procesadores de arquitectura h\u00edbrida -que priorizan tanto eficiencia como potencia- son de duod\u00e9cima generaci\u00f3n y est\u00e1n [&hellip;]<\/p>\n","protected":false},"author":80,"featured_media":197870,"comment_status":"closed","ping_status":"closed","sticky":false,"template":"","format":"standard","meta":{"footnotes":""},"categories":[41],"tags":[],"class_list":["post-197863","post","type-post","status-publish","format-standard","has-post-thumbnail","hentry","category-arteria-cultural"],"_links":{"self":[{"href":"https:\/\/plazajuarez.mx\/historico\/wp-json\/wp\/v2\/posts\/197863","targetHints":{"allow":["GET"]}}],"collection":[{"href":"https:\/\/plazajuarez.mx\/historico\/wp-json\/wp\/v2\/posts"}],"about":[{"href":"https:\/\/plazajuarez.mx\/historico\/wp-json\/wp\/v2\/types\/post"}],"author":[{"embeddable":true,"href":"https:\/\/plazajuarez.mx\/historico\/wp-json\/wp\/v2\/users\/80"}],"replies":[{"embeddable":true,"href":"https:\/\/plazajuarez.mx\/historico\/wp-json\/wp\/v2\/comments?post=197863"}],"version-history":[{"count":0,"href":"https:\/\/plazajuarez.mx\/historico\/wp-json\/wp\/v2\/posts\/197863\/revisions"}],"wp:featuredmedia":[{"embeddable":true,"href":"https:\/\/plazajuarez.mx\/historico\/wp-json\/wp\/v2\/media\/197870"}],"wp:attachment":[{"href":"https:\/\/plazajuarez.mx\/historico\/wp-json\/wp\/v2\/media?parent=197863"}],"wp:term":[{"taxonomy":"category","embeddable":true,"href":"https:\/\/plazajuarez.mx\/historico\/wp-json\/wp\/v2\/categories?post=197863"},{"taxonomy":"post_tag","embeddable":true,"href":"https:\/\/plazajuarez.mx\/historico\/wp-json\/wp\/v2\/tags?post=197863"}],"curies":[{"name":"wp","href":"https:\/\/api.w.org\/{rel}","templated":true}]}}