{"id":197862,"date":"2022-01-04T17:25:01","date_gmt":"2022-01-04T23:25:01","guid":{"rendered":"https:\/\/plazajuarez.mx\/?p=197862"},"modified":"2022-01-04T17:25:14","modified_gmt":"2022-01-04T23:25:14","slug":"panama-ayuda-a-predecir-la-liberacion-de-co2-debido-a-la-deforestacion","status":"publish","type":"post","link":"https:\/\/plazajuarez.mx\/historico\/panama-ayuda-a-predecir-la-liberacion-de-co2-debido-a-la-deforestacion\/","title":{"rendered":"Panam\u00e1 ayuda a predecir la liberaci\u00f3n de CO2 debido a la deforestaci\u00f3n"},"content":{"rendered":"\n<p>(EFE) Un nuevo estudio de los bosques de Panam\u00e1 reduce la incertidumbre de los modelos matem\u00e1ticos que predicen la liberaci\u00f3n de di\u00f3xido de carbono como resultado de la deforestaci\u00f3n, inform\u00f3 este martes el Instituto Smithsonian de Investigaciones Tropicales (STRI).<\/p>\n\n\n\n<p>El estudio, dirigido por el STRI, destaca adem\u00e1s &#8220;la asombrosa capacidad de los bosques j\u00f3venes, en regeneraci\u00f3n o secundarios para extraer este gas de efecto invernadero de la atm\u00f3sfera&#8221;.<\/p>\n\n\n\n<p>&#8220;No es f\u00e1cil saber cu\u00e1nto la deforestaci\u00f3n impacta el almacenamiento de carbono&#8221;, y la planificaci\u00f3n de escenarios permite a los tomadores de decisiones e investigadores lidiar con la incertidumbre al visualizar las distintas posibles v\u00edas de deforestaci\u00f3n&#8221;, indic\u00f3 el ente cient\u00edfico con sede en Panam\u00e1.<\/p>\n\n\n\n<p>En el estudio, los autores proponen tres escenarios de deforestaci\u00f3n basados \u200b\u200ben tendencias recientes de deforestaci\u00f3n, tasas calculadas en las d\u00e9cadas anteriores al 2000, y escenarios m\u00e1s esperanzadores en los que la deforestaci\u00f3n se detiene por completo o incluso donde los bosques se regeneran en todo el terreno disponible.<\/p>\n\n\n\n<p>Y para mejorar la precisi\u00f3n de sus predicciones, calcularon las tasas de deforestaci\u00f3n y correlacionaron la cantidad de bosque perdido con caracter\u00edsticas geogr\u00e1ficas, bas\u00e1ndose en un conjunto de mapas de la cubierta forestal existente en Panam\u00e1 creado por la coautora del estudio, Kendra Walker.<\/p>\n\n\n\n<p>Los investigadores usaron un mapa de densidad de carbono en todo Panam\u00e1 producido con tecnolog\u00eda l\u00e1ser aerotransportada o LiDAR, que combin\u00f3 un estudio sobre bosques secundarios &#8211; con m\u00e1s de 1,1 millones de mediciones de \u00e1rboles &#8211; con estudios locales de reservas de carbono en ra\u00edces de \u00e1rboles, suelo, lianas y residuos le\u00f1osos.<\/p>\n\n\n\n<p>El an\u00e1lisis de Panam\u00e1 central, aproximadamente una cuarta parte del pa\u00eds, describe visualmente el paisaje en el 2030 y 2050 bajo posibles escenarios de deforestaci\u00f3n.<\/p>\n\n\n\n<p>As\u00ed, descubrieron que con las tendencias actuales de deforestaci\u00f3n, que son relativamente limitadas, Panam\u00e1 central a\u00fan podr\u00eda almacenar alrededor del 15 % de las metas nacionales de carbono para el a\u00f1o 2050.<\/p>\n\n\n\n<p>Si la deforestaci\u00f3n se detuviera por completo en Panam\u00e1 central y se dejara que el bosque se regenerara naturalmente en todo el terreno disponible, esa \u00e1rea del pa\u00eds acumular\u00eda hasta el 56 % del objetivo nacional para el 2050&#8243;.<\/p>\n\n\n\n<p>En contraste, frente a una tasa de deforestaci\u00f3n acelerada, que regresara a los niveles previos al milenio, Panam\u00e1 central perder\u00eda casi la mitad de sus bosques y hasta el 25 % de su l\u00ednea base de carbono para el 2050.<\/p>\n\n\n\n<p>&#8220;Panam\u00e1 ha hecho avances para calcular tanto el potencial de secuestro de carbono en sus bosques como las emisiones debidas a la p\u00e9rdida de bosques&#8221;, coment\u00f3 el autor principal y cient\u00edfico de STRI, Jefferson Hall.<\/p>\n\n\n\n<p>&#8220;Los escenarios pueden ayudar a los tomadores de decisiones a anticipar mejor las posibles consecuencias de conjuntos alternativos de decisiones de uso de la tierra, que tienen un impacto significativo en la estrategia de mitigaci\u00f3n clim\u00e1tica de Panam\u00e1&#8221;, a\u00f1adi\u00f3.<\/p>\n\n\n\n<p>En el estudio participaron cient\u00edficos de Harvard Forest, la Universidad Estatal de Arizona y la Universidad de California en Santa B\u00e1rbara en Estados Unidos, la Universidad de Canterbury en Nueva Zelanda y Yale NUS en Singapur, y cont\u00f3 con el respaldo de Lloyds Tercentenary Research Fundaci\u00f3n.<\/p>\n\n\n\n<p>Panam\u00e1 es uno de los \u00fanicos tres pa\u00edses del mundo, junto a But\u00e1n y Surinam, que tiene la clasificaci\u00f3n de &#8220;carbono negativo&#8221;, es decir que absorben m\u00e1s gases de efecto invernadero (GEI) de los que emiten por las actividades humanas.<\/p>\n\n\n\n<p>Esto se debe a que en Panam\u00e1, el 65,4 % del territorio est\u00e1 conformado por bosques y otras tierras boscosas, el 32,5 % pertenece a otras tierras y 2,1 % a cuerpos de aguas continentales&#8221; seg\u00fan un informe de 2019 de la Direcci\u00f3n de Informaci\u00f3n Ambiental del Ministerio de Medio Ambiente del pa\u00eds centroamericano.<\/p>\n","protected":false},"excerpt":{"rendered":"<p>(EFE) Un nuevo estudio de los bosques de Panam\u00e1 reduce la incertidumbre de los modelos matem\u00e1ticos que predicen la liberaci\u00f3n de di\u00f3xido de carbono como resultado de la deforestaci\u00f3n, inform\u00f3 este martes el Instituto Smithsonian de Investigaciones Tropicales (STRI). El estudio, dirigido por el STRI, destaca adem\u00e1s &#8220;la asombrosa capacidad de los bosques j\u00f3venes, en [&hellip;]<\/p>\n","protected":false},"author":80,"featured_media":197869,"comment_status":"closed","ping_status":"closed","sticky":false,"template":"","format":"standard","meta":{"footnotes":""},"categories":[31],"tags":[],"class_list":["post-197862","post","type-post","status-publish","format-standard","has-post-thumbnail","hentry","category-orbe"],"_links":{"self":[{"href":"https:\/\/plazajuarez.mx\/historico\/wp-json\/wp\/v2\/posts\/197862","targetHints":{"allow":["GET"]}}],"collection":[{"href":"https:\/\/plazajuarez.mx\/historico\/wp-json\/wp\/v2\/posts"}],"about":[{"href":"https:\/\/plazajuarez.mx\/historico\/wp-json\/wp\/v2\/types\/post"}],"author":[{"embeddable":true,"href":"https:\/\/plazajuarez.mx\/historico\/wp-json\/wp\/v2\/users\/80"}],"replies":[{"embeddable":true,"href":"https:\/\/plazajuarez.mx\/historico\/wp-json\/wp\/v2\/comments?post=197862"}],"version-history":[{"count":0,"href":"https:\/\/plazajuarez.mx\/historico\/wp-json\/wp\/v2\/posts\/197862\/revisions"}],"wp:featuredmedia":[{"embeddable":true,"href":"https:\/\/plazajuarez.mx\/historico\/wp-json\/wp\/v2\/media\/197869"}],"wp:attachment":[{"href":"https:\/\/plazajuarez.mx\/historico\/wp-json\/wp\/v2\/media?parent=197862"}],"wp:term":[{"taxonomy":"category","embeddable":true,"href":"https:\/\/plazajuarez.mx\/historico\/wp-json\/wp\/v2\/categories?post=197862"},{"taxonomy":"post_tag","embeddable":true,"href":"https:\/\/plazajuarez.mx\/historico\/wp-json\/wp\/v2\/tags?post=197862"}],"curies":[{"name":"wp","href":"https:\/\/api.w.org\/{rel}","templated":true}]}}