{"id":197716,"date":"2022-01-03T17:57:08","date_gmt":"2022-01-03T23:57:08","guid":{"rendered":"https:\/\/plazajuarez.mx\/?p=197716"},"modified":"2022-01-03T17:57:23","modified_gmt":"2022-01-03T23:57:23","slug":"espera-la-seph-que-gobierno-federal-libere-recursos","status":"publish","type":"post","link":"https:\/\/plazajuarez.mx\/historico\/espera-la-seph-que-gobierno-federal-libere-recursos\/","title":{"rendered":"Espera la SEPH que gobierno federal libere recursos"},"content":{"rendered":"\n<p>El titular de la Secretar\u00eda de Educaci\u00f3n P\u00fablica en Hidalgo (SEPH) Atilano Rodr\u00edguez P\u00e9rez inform\u00f3 que est\u00e1n atentos al paro laboral convocado por la secci\u00f3n 15 del Sindicato Nacional de Trabajadores de la Educaci\u00f3n (SNTE) en Hidalgo, adem\u00e1s de que se contin\u00faan con las gestiones ante el gobierno federal qui\u00e9n seguro ser\u00e1 el que tendr\u00e1 que absorber el gasto necesario.<\/p>\n\n\n\n<p>Rodr\u00edguez P\u00e9rez explic\u00f3: \u201cel paro laboral es un tema de prestaciones generadas en 2002 y 2006 que no fueron conciliadas en 2014 por lo tanto de 2016 al a\u00f1o pasado se solventaron con aprobaci\u00f3n de recursos federales\u201d.<\/p>\n\n\n\n<p>Y agreg\u00f3 que se ha cumplido con los pagos de las prestaciones incluidas en el techo presupuestal: \u201ccabe hacer menci\u00f3n que todas las presentaciones y todos los pagos conciliados en 2014 se han pagado puntualmente estas 258 prestaciones que est\u00e1n dentro del techo presupuestal\u201d.<\/p>\n\n\n\n<p>Por lo anterior enfatiz\u00f3 que estar\u00e1n a la espera de la respuesta del gobierno federal para poder cubrir esas prestaciones: \u201ccomo recordaremos, el a\u00f1o pasado nos radicaron el recurso el 30 de diciembre y se comenz\u00f3 a dispersar el 31, el gobierno est\u00e1 atento y ha hecho las gestiones necesarias para que en cuanto el gobierno federal libere los recursos, se haga la dispersi\u00f3n correspondiente\u201d.<\/p>\n","protected":false},"excerpt":{"rendered":"<p>El titular de la Secretar\u00eda de Educaci\u00f3n P\u00fablica en Hidalgo (SEPH) Atilano Rodr\u00edguez P\u00e9rez inform\u00f3 que est\u00e1n atentos al paro laboral convocado por la secci\u00f3n 15 del Sindicato Nacional de Trabajadores de la Educaci\u00f3n (SNTE) en Hidalgo, adem\u00e1s de que se contin\u00faan con las gestiones ante el gobierno federal qui\u00e9n seguro ser\u00e1 el que tendr\u00e1 [&hellip;]<\/p>\n","protected":false},"author":72,"featured_media":179058,"comment_status":"closed","ping_status":"closed","sticky":false,"template":"","format":"standard","meta":{"footnotes":""},"categories":[15,59],"tags":[],"class_list":["post-197716","post","type-post","status-publish","format-standard","has-post-thumbnail","hentry","category-destacadas","category-general"],"_links":{"self":[{"href":"https:\/\/plazajuarez.mx\/historico\/wp-json\/wp\/v2\/posts\/197716","targetHints":{"allow":["GET"]}}],"collection":[{"href":"https:\/\/plazajuarez.mx\/historico\/wp-json\/wp\/v2\/posts"}],"about":[{"href":"https:\/\/plazajuarez.mx\/historico\/wp-json\/wp\/v2\/types\/post"}],"author":[{"embeddable":true,"href":"https:\/\/plazajuarez.mx\/historico\/wp-json\/wp\/v2\/users\/72"}],"replies":[{"embeddable":true,"href":"https:\/\/plazajuarez.mx\/historico\/wp-json\/wp\/v2\/comments?post=197716"}],"version-history":[{"count":0,"href":"https:\/\/plazajuarez.mx\/historico\/wp-json\/wp\/v2\/posts\/197716\/revisions"}],"wp:featuredmedia":[{"embeddable":true,"href":"https:\/\/plazajuarez.mx\/historico\/wp-json\/wp\/v2\/media\/179058"}],"wp:attachment":[{"href":"https:\/\/plazajuarez.mx\/historico\/wp-json\/wp\/v2\/media?parent=197716"}],"wp:term":[{"taxonomy":"category","embeddable":true,"href":"https:\/\/plazajuarez.mx\/historico\/wp-json\/wp\/v2\/categories?post=197716"},{"taxonomy":"post_tag","embeddable":true,"href":"https:\/\/plazajuarez.mx\/historico\/wp-json\/wp\/v2\/tags?post=197716"}],"curies":[{"name":"wp","href":"https:\/\/api.w.org\/{rel}","templated":true}]}}