{"id":197711,"date":"2022-01-03T16:46:54","date_gmt":"2022-01-03T22:46:54","guid":{"rendered":"https:\/\/plazajuarez.mx\/?p=197711"},"modified":"2022-01-03T16:47:56","modified_gmt":"2022-01-03T22:47:56","slug":"pequenos-comerciantes-alertan-sobre-aumento-de-precios-y-contagios","status":"publish","type":"post","link":"https:\/\/plazajuarez.mx\/historico\/pequenos-comerciantes-alertan-sobre-aumento-de-precios-y-contagios\/","title":{"rendered":"Peque\u00f1os comerciantes alertan sobre aumento de precios y contagios"},"content":{"rendered":"\n<p>(EFE) Los peque\u00f1os comerciantes de M\u00e9xico advirtieron este lunes que el inicio de a\u00f1o no \u201cpinta bien\u201d y se quejaron por el aumento en los precios de productos para enero de 2022, como los cigarrillos, el pan de molde y la gasolina.<\/p>\n\n\n\n<p>En un comunicado, la Asociaci\u00f3n Nacional de Peque\u00f1os Comerciantes (ANPEC) alert\u00f3 sobre las dificultades para los negocios en el inicio de a\u00f1o tras un aumento en los precios de productos sujetos al Impuesto Especial Sobre Producci\u00f3n y Servicios (IEPS).<\/p>\n\n\n\n<p>La Secretar\u00eda de Hacienda mexicana anunci\u00f3 en la segunda quincena de diciembre que habr\u00eda un alza en el IEPS para 2022, un impuesto indirecto que los productores e importadores incluyen en el precio final del producto.<\/p>\n\n\n\n<p>El gravamen que pagar\u00e1n este a\u00f1o los consumidores se elev\u00f3 hasta un 7,36 % para as\u00ed adaptarse a la inflaci\u00f3n, que en noviembre pas\u00f3 la barrera del 7 %, la m\u00e1s alta en dos d\u00e9cadas.<\/p>\n\n\n\n<p>De acuerdo con los peque\u00f1os comerciantes, en los primeros d\u00edas de enero tambi\u00e9n se han visto incrementos en \u201cfrutas, legumbres, verduras, abarrotes, papel higi\u00e9nico, art\u00edculos de higiene personal, limpieza, c\u00e1rnicos, embutido\u201d, adem\u00e1s de las bebidas alcoh\u00f3licas y el tabaco.<\/p>\n\n\n\n<p>En el caso de las gasolinas, que el Gobierno de Andr\u00e9s Manuel L\u00f3pez Obrador se ha comprometido en que no subir\u00e1n, se ha visto un alza de hasta en 20 % durante la \u00faltima semana de diciembre.<\/p>\n\n\n\n<p>Estos \u00faltimos datos fueron revelados por el procurador del consumidor, Ricardo Sheffield, durante la conferencia matutina del presidente este lunes.<\/p>\n\n\n\n<p>Adem\u00e1s, la ANPEC &#8211; una sociedad sin \u00e1nimo de lucro que aglutina a vendedores a peque\u00f1a escala como en las tiendas de abarrotes (ultramarinos)- se lament\u00f3 sobre los efectos en los negocios que pueda provocar la inflaci\u00f3n y la cuarta ola de contagios de covid-19 por la nueva variante \u00f3micron.<\/p>\n\n\n\n<p>\u201cM\u00e1s all\u00e1 de lo letal o no de este embate, lo cierto es que est\u00e1 enfermando a la poblaci\u00f3n y con ello jaqueando la actividad econ\u00f3mica de la sociedad\u201d, coment\u00f3 Cuauht\u00e9moc Rivera, presidente de la ANPEC, en el comunicado.<\/p>\n\n\n\n<p>Justamente este lunes, L\u00f3pez Obrador adelant\u00f3 que habr\u00e1 un aumento en los positivos por \u00f3micron pero asegur\u00f3 que esto no se ver\u00e1 reflejado en las hospitalizaciones.<\/p>\n","protected":false},"excerpt":{"rendered":"<p>(EFE) Los peque\u00f1os comerciantes de M\u00e9xico advirtieron este lunes que el inicio de a\u00f1o no \u201cpinta bien\u201d y se quejaron por el aumento en los precios de productos para enero de 2022, como los cigarrillos, el pan de molde y la gasolina. En un comunicado, la Asociaci\u00f3n Nacional de Peque\u00f1os Comerciantes (ANPEC) alert\u00f3 sobre las [&hellip;]<\/p>\n","protected":false},"author":80,"featured_media":197712,"comment_status":"closed","ping_status":"closed","sticky":false,"template":"","format":"standard","meta":{"footnotes":""},"categories":[15,36],"tags":[],"class_list":["post-197711","post","type-post","status-publish","format-standard","has-post-thumbnail","hentry","category-destacadas","category-nacion"],"_links":{"self":[{"href":"https:\/\/plazajuarez.mx\/historico\/wp-json\/wp\/v2\/posts\/197711","targetHints":{"allow":["GET"]}}],"collection":[{"href":"https:\/\/plazajuarez.mx\/historico\/wp-json\/wp\/v2\/posts"}],"about":[{"href":"https:\/\/plazajuarez.mx\/historico\/wp-json\/wp\/v2\/types\/post"}],"author":[{"embeddable":true,"href":"https:\/\/plazajuarez.mx\/historico\/wp-json\/wp\/v2\/users\/80"}],"replies":[{"embeddable":true,"href":"https:\/\/plazajuarez.mx\/historico\/wp-json\/wp\/v2\/comments?post=197711"}],"version-history":[{"count":0,"href":"https:\/\/plazajuarez.mx\/historico\/wp-json\/wp\/v2\/posts\/197711\/revisions"}],"wp:featuredmedia":[{"embeddable":true,"href":"https:\/\/plazajuarez.mx\/historico\/wp-json\/wp\/v2\/media\/197712"}],"wp:attachment":[{"href":"https:\/\/plazajuarez.mx\/historico\/wp-json\/wp\/v2\/media?parent=197711"}],"wp:term":[{"taxonomy":"category","embeddable":true,"href":"https:\/\/plazajuarez.mx\/historico\/wp-json\/wp\/v2\/categories?post=197711"},{"taxonomy":"post_tag","embeddable":true,"href":"https:\/\/plazajuarez.mx\/historico\/wp-json\/wp\/v2\/tags?post=197711"}],"curies":[{"name":"wp","href":"https:\/\/api.w.org\/{rel}","templated":true}]}}