{"id":197427,"date":"2022-01-01T08:56:02","date_gmt":"2022-01-01T14:56:02","guid":{"rendered":"https:\/\/plazajuarez.mx\/?p=197427"},"modified":"2022-01-01T08:56:17","modified_gmt":"2022-01-01T14:56:17","slug":"poniatowska-bartra-krauze-celebraran-sus-90-80-y-75-anos","status":"publish","type":"post","link":"https:\/\/plazajuarez.mx\/historico\/poniatowska-bartra-krauze-celebraran-sus-90-80-y-75-anos\/","title":{"rendered":"Poniatowska, Bartra, Krauze, celebrar\u00e1n sus 90, 80 y 75 a\u00f1os"},"content":{"rendered":"\n<p>En 2022 ser\u00e1 un a\u00f1o para celebrar la vida y la obra de grandes figuras de la literatura y la academia en M\u00e9xico, como los 90 a\u00f1os del nacimiento de Elena Poniatowska; los 80 a\u00f1os del historiador Jean Meyer, del antrop\u00f3logo Roger Bartra y del escritor Hugo Hiriart; los 85 del historiador Enrique Florescano y los 75 a\u00f1os del historiador Enrique Krauze.<\/p>\n\n\n\n<p>El 19 de mayo la escritora, cronista, narradora y periodista Elena Poniatowska festejar\u00e1 su cumplea\u00f1os. La autora de &#8220;La noche de Tlatelolco&#8221; naci\u00f3 en Par\u00eds, pero radica en M\u00e9xico desde 1942. Su obra ha sido traducida al alem\u00e1n, coreano, checo, chino, dan\u00e9s, franc\u00e9s, gallego, griego, holand\u00e9s, ingl\u00e9s, italiano, island\u00e9s, japon\u00e9s, noruego, polaco, portugu\u00e9s, ruso y sueco.<\/p>\n\n\n\n<p>En 1955 public\u00f3 su primera novela, Lilus Kikus y en 1971 obtuvo el premio literario Xavier Villaurrutia por La noche de Tlatelolco, aunque lo rechaz\u00f3. Compagina su labor period\u00edstica con la literaria y en los noventa publica Todo M\u00e9xico (1990), Tin\u00edsima (1991) -sobre la vida de la fot\u00f3grafa italiana Tina Modotti-, Paseo de la Reforma (1997), Todo empez\u00f3 en domingo (1998), Cartas de \u00c1lvaro Mutis a Elena Poniatowska (1998), Las soldaderas (1999), Juan Soriano, Ni\u00f1o de mil a\u00f1os (1999).<\/p>\n\n\n\n<p>La escritora mexicana posee un premio literario que lleva su nombre, instaurado en 2007 por el Gobierno de la capital mexicana y es &#8220;honoris causa&#8221; por universidades de todo el mundo. En el a\u00f1o 2013 obtiene el premio Cervantes.<\/p>\n\n\n\n<p>Roger Bartra<\/p>\n\n\n\n<p>El 7 de noviembre el antrop\u00f3logo y acad\u00e9mico Roger Bartra cumple 80 a\u00f1os de edad. En la Universidad Nacional Aut\u00f3noma de M\u00e9xico se titul\u00f3 como maestro en Ciencias Antropol\u00f3gicas y obtuvo el doctorado en sociolog\u00eda en La Sorbona, de la Universidad de Par\u00eds. En su trabajo como investigador se ha internado en temas diversos, como la situaci\u00f3n agraria de M\u00e9xico, la identidad nacional, la modernidad y la mitolog\u00eda europea. Es miembro del Instituto de Investigaciones Sociales de la UNAM. Estudi\u00f3 antropolog\u00eda, aunque su primera prioridad fue estudiar una rama de esta disciplina: la arqueolog\u00eda.<\/p>\n\n\n\n<p>Fue nombrado como Investigador Em\u00e9rito del Instituto de Investigaciones Sociales de la UNAM en 2004. En 2013 fue seleccionado ganador del Premio Nacional de Ciencias y Artes en el \u00e1rea de Historia, Ciencias Sociales y Filosof\u00eda, m\u00e1ximo galard\u00f3n que otorga el gobierno mexicano, hoy conocido como Premio Nacional de Arte y Literatura.<\/p>\n\n\n\n<p>La UNAM le otorg\u00f3 el t\u00edtulo de Doctor Honoris Causa en 2015. El 2016 recibi\u00f3 el Premio Internacional Eulalio Ferrer en reconocimiento a su trayectoria de vida como humanista, l\u00edder e integrador.<\/p>\n\n\n\n<p>Felipe Garrido<\/p>\n\n\n\n<p>Felipe Garrido, narrador, cronista, ensayista y editor, festejar\u00e1 el 10 de septiembre el 80 aniversario de su natalicio. Su labor literaria ha priorizado el fomento de la lectura como una forma de progreso del pa\u00eds.<\/p>\n\n\n\n<p>Es considerado como un maestro de la narrativa breve &#8211;la cual exige concisi\u00f3n, palabra justa, humor, referentes literarios y gui\u00f1os&#8211;, imprescindible en la literatura mexicana. Tambi\u00e9n se ha dicho que es heredero de la tradici\u00f3n de Juan Jos\u00e9 Arreola y Julio Torri. Ha creado y participado en programas para la formaci\u00f3n de lectores que fueron ic\u00f3nicos y que deber\u00edan seguir vivos en las aulas. Ha sido un creador, promotor y formador de lectores.<\/p>\n\n\n\n<p>En 2015 obtuvo el Premio Nacional de Ciencias y Artes en el campo de Ling\u00fc\u00edstica y Literatura. Es miembro, desde 2003, de la Academia Mexicana de la Lengua. Ha sido director de Literatura en el INBAL, de Literatura y de Difusi\u00f3n Cultural en la UNAM y de las editoriales El Ermita\u00f1o, Solar Servicios Editoriales y Xalli, de la Universidad de Guadalajara. Ha escrito 18 vol\u00famenes de narrativa y 17 t\u00edtulos infantiles y juveniles. Adem\u00e1s de traducir obras de Paul Globe, Hans Christian Andersen, R. Gordon Wasson, entre otros autores.<\/p>\n\n\n\n<p>Hugo Hiriart<\/p>\n\n\n\n<p>El 28 de abril el escritor Hugo Hiriart cumplir\u00e1 80 a\u00f1os de edad. Naci\u00f3 en la Ciudad de M\u00e9xico el 28 de abril de 1942. Es narrador, dramaturgo y ensayista. Estudi\u00f3 Filosof\u00eda en la FFyL de la UNAM. Miembro de n\u00famero de la Academia Mexicana de la Lengua desde 2014. Ha sido director y productor del Teatro Santa Catarina y director del Instituto de M\u00e9xico en Nueva York. Se han puesto en escena sus obras La ginecomaquia, Minotastas y su familia, H\u00e9cuba, la perra, Simulacros, El tablero de las pasiones de juguete, Las tandas del tinglado, Camille o la historia de la escultura de Rodin a nuestros d\u00edas, Intimidad, Las palabras de la tribu y La representaci\u00f3n o los peligros del juego, Clotario Demoniax, La Caja, El Extra\u00f1o Caso del Osti\u00f3n Chino.<\/p>\n\n\n\n<p>Fue distinguido con el Premio Nacional de Ciencias, Letras y Artes 2009 en el \u00e1rea de Ling\u00fc\u00edstica y Literatura. Ha ganado reconocimientos como el Premio Mazatl\u00e1n de Literatura 2011 por El arte de perdurar y Premio Letras de Sinaloa 2015 y la Medalla Bellas Artes en 2017.<\/p>\n\n\n\n<p>Enrique Florescano<\/p>\n\n\n\n<p>El 8 de julio el historiador Enrique Florescano cumplir\u00e1 85 a\u00f1os. Es historiador y ensayista. Ha realizado investigaciones sobre los mitos prehisp\u00e1nicos, por su valor narrativo y como elementos fundacionales en t\u00e9rminos sociopol\u00edticos y de la cultura. Dentro de esta l\u00ednea de investigaci\u00f3n se halla su an\u00e1lisis de los s\u00edmbolos nacionales en su obra La bandera mexicana, estudio en que al rastrear el origen del escudo nacional se remonta hasta las representaciones precolombinas del alt\u00e9petl (cerro relleno de agua), sitio del origen de la humanidad y que los mexicas ubicaron como la piedra de la que surge el nopal donde se monta el \u00e1guila, constituyendo as\u00ed el icono id\u00f3neo para identificar a la naci\u00f3n mexicana desde su etapa independiente.<\/p>\n\n\n\n<p>Es Premio Nacional de Ciencias y Artes en el \u00e1rea de Historia, Ciencias Sociales y Filosof\u00eda (1996). Se ha desempe\u00f1ado como asesor de colecciones, consejero de editoriales como el Fondo de Cultura Econ\u00f3mica, y miembro de academias y comit\u00e9s de disciplinas hist\u00f3ricas. Ha participado en la organizaci\u00f3n de diversos congresos nacionales e internacionales, y ha sido conferencista y profesor invitado en universidades de M\u00e9xico, Estados Unidos e Inglaterra, entre otros pa\u00edses.<\/p>\n\n\n\n<p>Enrique Krauze<\/p>\n\n\n\n<p>El 16 de septiembre Enrique Krauze cumplir\u00e1 75 a\u00f1os de edad. Es historiador, ensayista, editor e intelectual mexicano. Ha escrito m\u00e1s de veinte libros, entre los que destacan Siglo de caudillos, Biograf\u00eda del poder, La presidencia imperial, La presencia del pasado, Redentores y El pueblo soy yo. Ha producido m\u00e1s de 500 programas y documentales sobre la historia de M\u00e9xico. Se ha distinguido por sus obras biogr\u00e1ficas, hist\u00f3ricas y sus ensayos pol\u00edticos y literarios, que han alcanzado un p\u00fablico amplio.<\/p>\n\n\n\n<p>En 1991 fund\u00f3 la editorial y productora de televisi\u00f3n Cl\u00edo, de la que es director, y desde 1999, tras el fallecimiento de Octavio Paz, dirige la revista cultural heredera de Vuelta, Letras Libres, con ediciones en M\u00e9xico, Espa\u00f1a y en l\u00ednea. Desde 1985 ha sido editorialista en The New Republic, The New York Review of Books, The New York Times, El Pa\u00eds y Reforma.<\/p>\n\n\n\n<p>En 1990 fue elegido miembro de n\u00famero de la Academia Mexicana de la Historia y desde 2005 es miembro de El Colegio Nacional. Entre otras tareas, ha sido miembro de la Junta Directiva del Instituto Cervantes.<\/p>\n","protected":false},"excerpt":{"rendered":"<p>En 2022 ser\u00e1 un a\u00f1o para celebrar la vida y la obra de grandes figuras de la literatura y la academia en M\u00e9xico, como los 90 a\u00f1os del nacimiento de Elena Poniatowska; los 80 a\u00f1os del historiador Jean Meyer, del antrop\u00f3logo Roger Bartra y del escritor Hugo Hiriart; los 85 del historiador Enrique Florescano y [&hellip;]<\/p>\n","protected":false},"author":81,"featured_media":197428,"comment_status":"closed","ping_status":"closed","sticky":false,"template":"","format":"standard","meta":{"footnotes":""},"categories":[38],"tags":[],"class_list":["post-197427","post","type-post","status-publish","format-standard","has-post-thumbnail","hentry","category-show"],"_links":{"self":[{"href":"https:\/\/plazajuarez.mx\/historico\/wp-json\/wp\/v2\/posts\/197427","targetHints":{"allow":["GET"]}}],"collection":[{"href":"https:\/\/plazajuarez.mx\/historico\/wp-json\/wp\/v2\/posts"}],"about":[{"href":"https:\/\/plazajuarez.mx\/historico\/wp-json\/wp\/v2\/types\/post"}],"author":[{"embeddable":true,"href":"https:\/\/plazajuarez.mx\/historico\/wp-json\/wp\/v2\/users\/81"}],"replies":[{"embeddable":true,"href":"https:\/\/plazajuarez.mx\/historico\/wp-json\/wp\/v2\/comments?post=197427"}],"version-history":[{"count":0,"href":"https:\/\/plazajuarez.mx\/historico\/wp-json\/wp\/v2\/posts\/197427\/revisions"}],"wp:featuredmedia":[{"embeddable":true,"href":"https:\/\/plazajuarez.mx\/historico\/wp-json\/wp\/v2\/media\/197428"}],"wp:attachment":[{"href":"https:\/\/plazajuarez.mx\/historico\/wp-json\/wp\/v2\/media?parent=197427"}],"wp:term":[{"taxonomy":"category","embeddable":true,"href":"https:\/\/plazajuarez.mx\/historico\/wp-json\/wp\/v2\/categories?post=197427"},{"taxonomy":"post_tag","embeddable":true,"href":"https:\/\/plazajuarez.mx\/historico\/wp-json\/wp\/v2\/tags?post=197427"}],"curies":[{"name":"wp","href":"https:\/\/api.w.org\/{rel}","templated":true}]}}