{"id":197421,"date":"2022-01-01T08:39:15","date_gmt":"2022-01-01T14:39:15","guid":{"rendered":"https:\/\/plazajuarez.mx\/?p=197421"},"modified":"2022-01-01T08:39:25","modified_gmt":"2022-01-01T14:39:25","slug":"me-siento-orgullosa-de-la-cdmx-dice-sheinbaum-en-mensaje","status":"publish","type":"post","link":"https:\/\/plazajuarez.mx\/historico\/me-siento-orgullosa-de-la-cdmx-dice-sheinbaum-en-mensaje\/","title":{"rendered":"&#8220;Me siento orgullosa de la CDMX&#8221;, dice Sheinbaum en mensaje"},"content":{"rendered":"\n<p>La jefa de Gobierno de la Ciudad de M\u00e9xico, Claudia Sheinbaum, como parte de su mensaje de A\u00f1o Nuevo, asegur\u00f3 que dedicar\u00e1 todos los d\u00edas del 2022 para seguir haciendo de la capital una ciudad de derechos y libertades.<\/p>\n\n\n\n<p>En un mensaje en redes sociales, la mandataria capitalina asegur\u00f3 que siempre va a poner su voluntad y su coraz\u00f3n por el bienestar de los habitantes de la Ciudad de M\u00e9xico.<\/p>\n\n\n\n<p>&#8220;Dedicar\u00e9 todos los d\u00edas del a\u00f1o nuevo para seguir haciendo de nuestra capital una ciudad de derechos y libertades. Feliz a\u00f1o nuevo. Feliz 2022&#8221;, lanz\u00f3.<\/p>\n\n\n\n<p>Previamente, Claudia Sheinbaum coment\u00f3 que se encuentra orgullosa de representar a los habitantes de la Ciudad de M\u00e9xico ya que siempre ha dado &#8220;hermosas&#8221; ense\u00f1anzas y que este a\u00f1o 2021 no ha sido la excepci\u00f3n.<\/p>\n\n\n\n<p>Record\u00f3 que la capital del pa\u00eds es una de las ciudades con mayor n\u00famero de personas vacunadas contra Covid-19 en el mundo, y que esto no solo ha sido la labor de la administraci\u00f3n local, sino a la cooperaci\u00f3n y a la solidaridad de los capitalinos, &#8220;de no pensar s\u00f3lo en nosotros mismos, de anteponer el bien com\u00fan sobre el individualismo&#8221;.<\/p>\n\n\n\n<p>&#8220;Eso es lo que nos distingue, eso es lo que destaca siempre en la Ciudad de M\u00e9xico, y este a\u00f1o se ha vuelto a demostrar, por eso me siento muy orgullosa y les agradecer\u00e9 siempre su colaboraci\u00f3n&#8221;.<\/p>\n\n\n\n<p>A\u00f1adi\u00f3 que el 2022 ser\u00e1 un a\u00f1o de ense\u00f1anza, de mayor bienestar y de mucha alegr\u00eda, y dese\u00f3 que en cada hogar de los capitalinos haya salud, prosperidad y mucho amor.<\/p>\n","protected":false},"excerpt":{"rendered":"<p>La jefa de Gobierno de la Ciudad de M\u00e9xico, Claudia Sheinbaum, como parte de su mensaje de A\u00f1o Nuevo, asegur\u00f3 que dedicar\u00e1 todos los d\u00edas del 2022 para seguir haciendo de la capital una ciudad de derechos y libertades. En un mensaje en redes sociales, la mandataria capitalina asegur\u00f3 que siempre va a poner su [&hellip;]<\/p>\n","protected":false},"author":81,"featured_media":196187,"comment_status":"closed","ping_status":"closed","sticky":false,"template":"","format":"standard","meta":{"footnotes":""},"categories":[2160],"tags":[],"class_list":["post-197421","post","type-post","status-publish","format-standard","has-post-thumbnail","hentry","category-noticias-de-la-ciudad-de-mexico"],"_links":{"self":[{"href":"https:\/\/plazajuarez.mx\/historico\/wp-json\/wp\/v2\/posts\/197421","targetHints":{"allow":["GET"]}}],"collection":[{"href":"https:\/\/plazajuarez.mx\/historico\/wp-json\/wp\/v2\/posts"}],"about":[{"href":"https:\/\/plazajuarez.mx\/historico\/wp-json\/wp\/v2\/types\/post"}],"author":[{"embeddable":true,"href":"https:\/\/plazajuarez.mx\/historico\/wp-json\/wp\/v2\/users\/81"}],"replies":[{"embeddable":true,"href":"https:\/\/plazajuarez.mx\/historico\/wp-json\/wp\/v2\/comments?post=197421"}],"version-history":[{"count":0,"href":"https:\/\/plazajuarez.mx\/historico\/wp-json\/wp\/v2\/posts\/197421\/revisions"}],"wp:featuredmedia":[{"embeddable":true,"href":"https:\/\/plazajuarez.mx\/historico\/wp-json\/wp\/v2\/media\/196187"}],"wp:attachment":[{"href":"https:\/\/plazajuarez.mx\/historico\/wp-json\/wp\/v2\/media?parent=197421"}],"wp:term":[{"taxonomy":"category","embeddable":true,"href":"https:\/\/plazajuarez.mx\/historico\/wp-json\/wp\/v2\/categories?post=197421"},{"taxonomy":"post_tag","embeddable":true,"href":"https:\/\/plazajuarez.mx\/historico\/wp-json\/wp\/v2\/tags?post=197421"}],"curies":[{"name":"wp","href":"https:\/\/api.w.org\/{rel}","templated":true}]}}