{"id":197415,"date":"2022-01-01T08:26:24","date_gmt":"2022-01-01T14:26:24","guid":{"rendered":"https:\/\/plazajuarez.mx\/?p=197415"},"modified":"2022-01-01T08:26:39","modified_gmt":"2022-01-01T14:26:39","slug":"la-violencia-contra-la-prensa-se-mantiene-inalterable-en-mexico","status":"publish","type":"post","link":"https:\/\/plazajuarez.mx\/historico\/la-violencia-contra-la-prensa-se-mantiene-inalterable-en-mexico\/","title":{"rendered":"La violencia contra la prensa se mantiene inalterable en M\u00e9xico"},"content":{"rendered":"\n<p>&nbsp;Los siete asesinatos contra periodistas en M\u00e9xico, entre la m\u00e1s de 600 agresiones registradas en 2021, confirman que la violencia contra la prensa se mantiene inalterable en este pa\u00eds.<\/p>\n\n\n\n<p>Durante el primer semestre de 2021, la organizaci\u00f3n Art\u00edculo 19 document\u00f3 362 agresiones, una cifra por debajo de las 406 agresiones contra periodistas y medios de comunicaci\u00f3n registradas en el mismo periodo en 2020, a\u00f1o que al final acumul\u00f3 692 agresiones, la cifra m\u00e1s alta desde 2009, cuando la organizaci\u00f3n comenz\u00f3 sus registros.<\/p>\n\n\n\n<p>&#8220;La violencia contra la prensa en M\u00e9xico sigue en aumento&#8221;, se\u00f1al\u00f3 a Efe el coordinador de documentaci\u00f3n del programa de protecci\u00f3n y defensa de la organizaci\u00f3n Articulo 19, Pedro C\u00e1rdenas.<\/p>\n\n\n\n<p>&#8220;La impunidad se mantiene en niveles muy altos, estamos por arriba del 98 % de impunidad para casos de violencia en temas de libertad de expresi\u00f3n&#8221;, agreg\u00f3.<\/p>\n\n\n\n<p>La organizaci\u00f3n Reporteros Sin Fronteras (RSF) se\u00f1al\u00f3, por su parte, que la impunidad &#8220;es casi total: entre el 95 y el 99 % de los asesinatos de periodistas el autor intelectual queda impune y ninguno de los casos de periodistas desaparecidos de los \u00faltimos a\u00f1os se ha resuelto&#8221;.<\/p>\n\n\n\n<p>RSF destac\u00f3 que por tercer a\u00f1o consecutivo &#8220;M\u00e9xico es el pa\u00eds m\u00e1s peligroso en el mundo para los periodistas, con al menos siete periodistas asesinados este a\u00f1o&#8221;.<\/p>\n\n\n\n<p>En su informe anual, RSF record\u00f3 que fueron asesinados: Benjam\u00edn Morales Hern\u00e1ndez, Gustavo S\u00e1nchez Cabrera, Ricardo L\u00f3pez Dom\u00ednguez, Sa\u00fal Tijerina Renter\u00eda, Jacinto Romero Flores, Manuel Gonz\u00e1lez Reyes y Fredy L\u00f3pez Ar\u00e9valo.<\/p>\n\n\n\n<p>Adem\u00e1s, desaparecieron dos periodistas: Jorge Molontz\u00edn Centlal y Felipe Romero Ch\u00e1vez, ambos en el estado de Sonora, fronterizo con Estados Unidos<\/p>\n\n\n\n<p>LOS CASOS<\/p>\n\n\n\n<p>El asesinato de Morales Hern\u00e1ndez, el 3 de mayo en Sonora, en el D\u00eda Mundial de Libertad de Prensa, fue el primero del a\u00f1o y, seg\u00fan la oficina de ONU-DH en M\u00e9xico, ocurri\u00f3 luego de que el periodista denunciara p\u00fablicamente amenazas por sus publicaciones.<\/p>\n\n\n\n<p>El 16 de junio en el municipio de Santo Domingo Tehuantepec, estado de Oaxaca, fue asesinado a tiros de S\u00e1nchez Cabrera, quien era director del medio digital Noticias Minuto a Minuto.<\/p>\n\n\n\n<p>En tanto, Tijerina Renter\u00eda, de 25 a\u00f1os, desapareci\u00f3 la madrugada del 22 de junio despu\u00e9s de salir de su trabajo en una f\u00e1brica maquiladora y su cuerpo fue localizado horas despu\u00e9s en su veh\u00edculo, en Ciudad Acu\u00f1a, en el estado de Coahuila.<\/p>\n\n\n\n<p>Mientras que el 22 de julio fue asesinado con arma de fuego el reportero y director del medio digital InfoGuaymas, Ricardo L\u00f3pez Dom\u00ednguez, en Guaymas, Sonora.<\/p>\n\n\n\n<p>El asesinato de Romero Flores, de 61 a\u00f1os, ocurri\u00f3 el 19 de agosto en el municipio de Ixtaczoquitl\u00e1n, estado de Veracruz. Romero, quien era reportero de la cadena de radio Ori Est\u00e9reo, fue acribillado cuando conduc\u00eda su autom\u00f3vil.<\/p>\n\n\n\n<p>El 28 de septiembre en el municipio de Cuernavaca, en el c\u00e9ntrico estado de Morelos, se dio el asesinato de Gonz\u00e1lez Reyes, fundador y director del Portal Morelos Noticias, que se publica en Facebook.<\/p>\n\n\n\n<p>L\u00f3pez Ar\u00e9valo, quien era editor de la revista Jovel, fue asesinado el 28 de octubre fuera de su domicilio en San Crist\u00f3bal de las Casas, Chiapas, cuando llegaba en compa\u00f1\u00eda de su familia tras un festejo familiar.<\/p>\n\n\n\n<p>NUEVA OPCI\u00d3N<\/p>\n\n\n\n<p>Para el subsecretario de Derechos Humanos, Poblaci\u00f3n y Migraci\u00f3n de la Secretar\u00eda de Gobernaci\u00f3n, Alejandro Encinas, el Mecanismo para la Protecci\u00f3n de Personas Defensoras de Derechos Humanos y Periodistas &#8220;ha resultado ser insuficiente para enfrentar y revertir este fen\u00f3meno&#8221; de agresiones y violencia contra la prensa.<\/p>\n\n\n\n<p>Por ello anunci\u00f3 que trabajar\u00e1 con integrantes del Congreso en una reforma -ahora que la ley cumple 10 a\u00f1os de la implementaci\u00f3n del mecanismo-, a fin de que se logren los cambios sustantivos que permitan garantizar los derechos fundamentales de libertad de expresi\u00f3n.<\/p>\n\n\n\n<p>El objetivo es impulsar una reforma para que la pol\u00edtica de protecci\u00f3n tenga una visi\u00f3n de Estado y para ello trabajar\u00e1n con organizaciones, familiares, v\u00edctimas y periodistas esta legislaci\u00f3n, y con el Congreso.<\/p>\n\n\n\n<p>En octubre, la Secretar\u00eda de Gobernaci\u00f3n (ministerio de Interior) inform\u00f3 que el mecanismo protege actualmente a 1.506 personas, un 88 % m\u00e1s que al inicio de mandato del presidente Andr\u00e9s Manuel L\u00f3pez Obrador, en diciembre de 2018.<\/p>\n\n\n\n<p>De ellos, 495 son periodistas (136 mujeres y 359 hombres) y 1.011 defensores de derechos humanos (543 mujeres y 468 hombres) en un universo estimado de 203.700 periodistas y 39.000 organizaciones de la sociedad civil.<\/p>\n\n\n\n<p>UN DURO 2021<\/p>\n\n\n\n<p>Con los 7 asesinatos este a\u00f1o y 145 en lo que va del siglo XXI, M\u00e9xico es uno de los pa\u00edses del mundo m\u00e1s violentos para el gremio period\u00edstico y seg\u00fan RSF el pa\u00eds ocupa el puesto 143 entre 180 pa\u00edses en su Clasificaci\u00f3n Mundial de Libertad de Prensa 2021.<\/p>\n\n\n\n<p>RSF sostiene que en M\u00e9xico ha observado &#8220;una grave deficiencia en la cantidad de personal en el mecanismo de protecci\u00f3n de periodistas&#8221;.<\/p>\n\n\n\n<p>Agreg\u00f3 que &#8220;existe una evidente sobrecarga de trabajo, con alrededor de 50 funcionarios responsables de cerca de 1.500 casos de personas bajo protecci\u00f3n, de las cuales 470 son periodistas&#8221;.<\/p>\n","protected":false},"excerpt":{"rendered":"<p>&nbsp;Los siete asesinatos contra periodistas en M\u00e9xico, entre la m\u00e1s de 600 agresiones registradas en 2021, confirman que la violencia contra la prensa se mantiene inalterable en este pa\u00eds. Durante el primer semestre de 2021, la organizaci\u00f3n Art\u00edculo 19 document\u00f3 362 agresiones, una cifra por debajo de las 406 agresiones contra periodistas y medios de [&hellip;]<\/p>\n","protected":false},"author":80,"featured_media":197416,"comment_status":"closed","ping_status":"closed","sticky":false,"template":"","format":"standard","meta":{"footnotes":""},"categories":[36],"tags":[],"class_list":["post-197415","post","type-post","status-publish","format-standard","has-post-thumbnail","hentry","category-nacion"],"_links":{"self":[{"href":"https:\/\/plazajuarez.mx\/historico\/wp-json\/wp\/v2\/posts\/197415","targetHints":{"allow":["GET"]}}],"collection":[{"href":"https:\/\/plazajuarez.mx\/historico\/wp-json\/wp\/v2\/posts"}],"about":[{"href":"https:\/\/plazajuarez.mx\/historico\/wp-json\/wp\/v2\/types\/post"}],"author":[{"embeddable":true,"href":"https:\/\/plazajuarez.mx\/historico\/wp-json\/wp\/v2\/users\/80"}],"replies":[{"embeddable":true,"href":"https:\/\/plazajuarez.mx\/historico\/wp-json\/wp\/v2\/comments?post=197415"}],"version-history":[{"count":0,"href":"https:\/\/plazajuarez.mx\/historico\/wp-json\/wp\/v2\/posts\/197415\/revisions"}],"wp:featuredmedia":[{"embeddable":true,"href":"https:\/\/plazajuarez.mx\/historico\/wp-json\/wp\/v2\/media\/197416"}],"wp:attachment":[{"href":"https:\/\/plazajuarez.mx\/historico\/wp-json\/wp\/v2\/media?parent=197415"}],"wp:term":[{"taxonomy":"category","embeddable":true,"href":"https:\/\/plazajuarez.mx\/historico\/wp-json\/wp\/v2\/categories?post=197415"},{"taxonomy":"post_tag","embeddable":true,"href":"https:\/\/plazajuarez.mx\/historico\/wp-json\/wp\/v2\/tags?post=197415"}],"curies":[{"name":"wp","href":"https:\/\/api.w.org\/{rel}","templated":true}]}}