{"id":197412,"date":"2022-01-01T08:21:59","date_gmt":"2022-01-01T14:21:59","guid":{"rendered":"https:\/\/plazajuarez.mx\/?p=197412"},"modified":"2022-01-01T08:22:09","modified_gmt":"2022-01-01T14:22:09","slug":"solo-siendo-buenos-podemos-ser-felices-dice-lopez-obrador-para-ano-nuevo","status":"publish","type":"post","link":"https:\/\/plazajuarez.mx\/historico\/solo-siendo-buenos-podemos-ser-felices-dice-lopez-obrador-para-ano-nuevo\/","title":{"rendered":"&#8220;Solo siendo buenos podemos ser felices&#8221;, dice L\u00f3pez Obrador para A\u00f1o Nuevo"},"content":{"rendered":"\n<p>&nbsp;El presidente de M\u00e9xico, Andr\u00e9s Manuel L\u00f3pez Obrador, public\u00f3 un mensaje de A\u00f1o Nuevo en un video junto a su esposa Beatriz Guti\u00e9rrez M\u00fcller, donde record\u00f3 a los mexicanos que &#8220;solo siendo buenos podemos ser felices&#8221;.<\/p>\n\n\n\n<p>&#8220;Este a\u00f1o nos ha ido mejor y el que viene estoy seguro que va a ser mejor. Tengo mucha fe en el porvenir, y deseo a todos los mexicanos de coraz\u00f3n que vaya bien, que no haya sufrimiento y que haya alegr\u00eda y mucha felicidad. Y no olvidar que solo siendo buenos podemos ser felices&#8221;, dijo el mandatario.<\/p>\n\n\n\n<p>En el video, \u00e9l y Guti\u00e9rrez M\u00fcller se encuentran en un patio de Palacio Nacional, donde residen, ante el ahuehuete que se sembr\u00f3 el 31 de diciembre de 2020, el cual fue obsequiado por integrantes del movimiento de San Salvador Atenco, donde en 2006 se documentaron detenciones ilegales, abusos sexuales y otras violaciones graves a los derechos humanos a 11 mujeres.<\/p>\n\n\n\n<p>Por su parte, Guti\u00e9rrez M\u00fcller consider\u00f3 que 2022 tiene que ser un a\u00f1o &#8220;donde ir dejando atr\u00e1s la pandemia&#8221; ya que, dijo, vienen cosas nuevas y &#8220;buenas cosas&#8221;.<\/p>\n\n\n\n<p>&#8220;Somos una hojita cada uno que formamos parte de un conjunto arm\u00f3nico bell\u00edsimo que se llama vida. Les deseamos con mucho cari\u00f1o feliz 2022, que est\u00e9 con sus amigos, sus familia, los abracen, los besen lo disfruten y la pasen bien&#8221;, expres\u00f3 la tambi\u00e9n consejera presidenta de la Coordinaci\u00f3n de Memoria Hist\u00f3rica y Cultural de M\u00e9xico.<\/p>\n\n\n\n<p>Guti\u00e9rrez M\u00fcller destac\u00f3 la importancia de establecer prop\u00f3sitos para este 2022. &#8220;Confiar en nuestra persona, en nuestra familia, en nuestra comunidad, en nuestra naci\u00f3n&#8221;, dese\u00f3.<\/p>\n\n\n\n<p>El presidente quiso destacar que se refieren a la familia &#8220;en el sentido m\u00e1s amplio, (&#8230;) el que tiene que ver con la gente que uno quiere mas&#8221;.<\/p>\n\n\n\n<p>Adem\u00e1s, L\u00f3pez Obrador presumi\u00f3 de que tiene una familia muy grande. &#8220;Quiero mucho a bastante gente y me siento querido. Soy afortunado&#8221;, confes\u00f3.<\/p>\n\n\n\n<p>&#8220;Es muy importante el que nos abracemos todos y que dejemos a un lado los odios las malas acciones&#8221;, termin\u00f3 el presidente.<\/p>\n","protected":false},"excerpt":{"rendered":"<p>&nbsp;El presidente de M\u00e9xico, Andr\u00e9s Manuel L\u00f3pez Obrador, public\u00f3 un mensaje de A\u00f1o Nuevo en un video junto a su esposa Beatriz Guti\u00e9rrez M\u00fcller, donde record\u00f3 a los mexicanos que &#8220;solo siendo buenos podemos ser felices&#8221;. &#8220;Este a\u00f1o nos ha ido mejor y el que viene estoy seguro que va a ser mejor. Tengo mucha [&hellip;]<\/p>\n","protected":false},"author":80,"featured_media":197413,"comment_status":"closed","ping_status":"closed","sticky":false,"template":"","format":"standard","meta":{"footnotes":""},"categories":[36],"tags":[],"class_list":["post-197412","post","type-post","status-publish","format-standard","has-post-thumbnail","hentry","category-nacion"],"_links":{"self":[{"href":"https:\/\/plazajuarez.mx\/historico\/wp-json\/wp\/v2\/posts\/197412","targetHints":{"allow":["GET"]}}],"collection":[{"href":"https:\/\/plazajuarez.mx\/historico\/wp-json\/wp\/v2\/posts"}],"about":[{"href":"https:\/\/plazajuarez.mx\/historico\/wp-json\/wp\/v2\/types\/post"}],"author":[{"embeddable":true,"href":"https:\/\/plazajuarez.mx\/historico\/wp-json\/wp\/v2\/users\/80"}],"replies":[{"embeddable":true,"href":"https:\/\/plazajuarez.mx\/historico\/wp-json\/wp\/v2\/comments?post=197412"}],"version-history":[{"count":0,"href":"https:\/\/plazajuarez.mx\/historico\/wp-json\/wp\/v2\/posts\/197412\/revisions"}],"wp:featuredmedia":[{"embeddable":true,"href":"https:\/\/plazajuarez.mx\/historico\/wp-json\/wp\/v2\/media\/197413"}],"wp:attachment":[{"href":"https:\/\/plazajuarez.mx\/historico\/wp-json\/wp\/v2\/media?parent=197412"}],"wp:term":[{"taxonomy":"category","embeddable":true,"href":"https:\/\/plazajuarez.mx\/historico\/wp-json\/wp\/v2\/categories?post=197412"},{"taxonomy":"post_tag","embeddable":true,"href":"https:\/\/plazajuarez.mx\/historico\/wp-json\/wp\/v2\/tags?post=197412"}],"curies":[{"name":"wp","href":"https:\/\/api.w.org\/{rel}","templated":true}]}}