{"id":197392,"date":"2021-12-31T10:01:18","date_gmt":"2021-12-31T16:01:18","guid":{"rendered":"https:\/\/plazajuarez.mx\/?p=197392"},"modified":"2021-12-31T10:01:29","modified_gmt":"2021-12-31T16:01:29","slug":"mueren-dos-en-una-aparatosa-volcadura-y-dos-estan-muy-graves-2","status":"publish","type":"post","link":"https:\/\/plazajuarez.mx\/historico\/mueren-dos-en-una-aparatosa-volcadura-y-dos-estan-muy-graves-2\/","title":{"rendered":"Mueren dos en una aparatosa volcadura y dos est\u00e1n muy graves"},"content":{"rendered":"\n<p>Un accidente se registr\u00f3 la madrugada de ayer en la carretera M\u00e9xico-Pachuca a la altura del kil\u00f3metro 71, sobre los carriles con direcci\u00f3n a la Ciudad de M\u00e9xico, lo que arroj\u00f3 saldo de dos muertos, dos heridos graves y cuantiosas p\u00e9rdidas materiales.<\/p>\n\n\n\n<p>El siniestro fue reportado al 911 de Emergencias y v\u00eda radio se extendi\u00f3 la alerta a las corporaciones policiacas y de socorro, para tomar conocimiento y brindar apoyo respectivamente.<\/p>\n\n\n\n<p>Fueron elementos polic\u00edacos, los que refirieron que se trat\u00f3 de la salida camino y vuelco de un veh\u00edculo color rojo, con placas de circulaci\u00f3n 63M-414 del estado de Hidalgo.<\/p>\n\n\n\n<p>As\u00ed mismo, se estableci\u00f3 que la unidad siniestrada qued\u00f3 varada sobre el camell\u00f3n central con las llantas hac\u00eda arriba y se presume que dio volteretas, porque qued\u00f3 muy da\u00f1ada.<\/p>\n\n\n\n<p>Fue tan aparatosa la volcadura, que las dos personas que perdieron la vida, quedaron prensadas entre los hierros retorcidos del veh\u00edculo, por lo que fue necesaria la liberaci\u00f3n de los cuerpos.<\/p>\n\n\n\n<p>Al lugar acudieron socorristas y param\u00e9dicos de la Cruz Roja de Pachuca, quienes brindaron atenci\u00f3n a los dos heridos quienes por el estado que presentaron, fueron trasladados de emergencia a un nosocomio pachuque\u00f1o para recibir atenci\u00f3n m\u00e9dica.<\/p>\n\n\n\n<p>Finalmente el \u00e1rea fue acordonada por los guardianes de la ley, para permitir las labores del personal de la Procuradur\u00eda General de Justicia del estado de Hidalgo, que dieron fe de lo acontecido e iniciaron la carpeta de investigaci\u00f3n correspondiente.<\/p>\n","protected":false},"excerpt":{"rendered":"<p>Un accidente se registr\u00f3 la madrugada de ayer en la carretera M\u00e9xico-Pachuca a la altura del kil\u00f3metro 71, sobre los carriles con direcci\u00f3n a la Ciudad de M\u00e9xico, lo que arroj\u00f3 saldo de dos muertos, dos heridos graves y cuantiosas p\u00e9rdidas materiales. El siniestro fue reportado al 911 de Emergencias y v\u00eda radio se extendi\u00f3 [&hellip;]<\/p>\n","protected":false},"author":93,"featured_media":197393,"comment_status":"closed","ping_status":"closed","sticky":false,"template":"","format":"standard","meta":{"footnotes":""},"categories":[37],"tags":[],"class_list":["post-197392","post","type-post","status-publish","format-standard","has-post-thumbnail","hentry","category-barandilla"],"_links":{"self":[{"href":"https:\/\/plazajuarez.mx\/historico\/wp-json\/wp\/v2\/posts\/197392","targetHints":{"allow":["GET"]}}],"collection":[{"href":"https:\/\/plazajuarez.mx\/historico\/wp-json\/wp\/v2\/posts"}],"about":[{"href":"https:\/\/plazajuarez.mx\/historico\/wp-json\/wp\/v2\/types\/post"}],"author":[{"embeddable":true,"href":"https:\/\/plazajuarez.mx\/historico\/wp-json\/wp\/v2\/users\/93"}],"replies":[{"embeddable":true,"href":"https:\/\/plazajuarez.mx\/historico\/wp-json\/wp\/v2\/comments?post=197392"}],"version-history":[{"count":0,"href":"https:\/\/plazajuarez.mx\/historico\/wp-json\/wp\/v2\/posts\/197392\/revisions"}],"wp:featuredmedia":[{"embeddable":true,"href":"https:\/\/plazajuarez.mx\/historico\/wp-json\/wp\/v2\/media\/197393"}],"wp:attachment":[{"href":"https:\/\/plazajuarez.mx\/historico\/wp-json\/wp\/v2\/media?parent=197392"}],"wp:term":[{"taxonomy":"category","embeddable":true,"href":"https:\/\/plazajuarez.mx\/historico\/wp-json\/wp\/v2\/categories?post=197392"},{"taxonomy":"post_tag","embeddable":true,"href":"https:\/\/plazajuarez.mx\/historico\/wp-json\/wp\/v2\/tags?post=197392"}],"curies":[{"name":"wp","href":"https:\/\/api.w.org\/{rel}","templated":true}]}}