{"id":197376,"date":"2021-12-31T09:48:16","date_gmt":"2021-12-31T15:48:16","guid":{"rendered":"https:\/\/plazajuarez.mx\/?p=197376"},"modified":"2021-12-31T09:48:26","modified_gmt":"2021-12-31T15:48:26","slug":"se-captaran-mil-200-toneladas-de-basura","status":"publish","type":"post","link":"https:\/\/plazajuarez.mx\/historico\/se-captaran-mil-200-toneladas-de-basura\/","title":{"rendered":"Se captar\u00e1n mil 200 toneladas de basura"},"content":{"rendered":"\n<p><strong>Tulancingo<\/strong>.- Oscar Ricardo Garc\u00eda Linarte, titular de la direcci\u00f3n de Limpias, de Tulancingo, inform\u00f3 que en este periodo festivo creci\u00f3 de manera considerable la cifra de residuos que se recolectan en el municipio.<\/p>\n\n\n\n<p>En&nbsp; las pasadas festividades de nochebuena y Navidad se captaron 200 toneladas de residuos s\u00f3lidos; es decir, 70 m\u00e1s a lo que se recolecta de rutina.<\/p>\n\n\n\n<p>De manera particular, el 27 de diciembre se captaron 258 toneladas de basura.<\/p>\n\n\n\n<p>En el periodo de a\u00f1o nuevo y hasta Reyes se prev\u00e9 la recolecci\u00f3n de mil 200 toneladas de desechos s\u00f3lidos urbanos, en raz\u00f3n de las reuniones y eventos familiares; as\u00ed como lo derivado de envolturas en juguetes y tecnolog\u00eda, ropa, roscas y dulces que caracterizan a esa fecha del D\u00eda de Reyes.<\/p>\n\n\n\n<p>Tambi\u00e9n con el levantamiento de los espacios de venta (que hoy operan como tianguis) va impl\u00edcita otra cifra importante de recolecci\u00f3n de basura.<\/p>\n\n\n\n<p>Por otra parte por el tema de un nuevo a\u00f1o, en algunos domicilios se realiza renovaci\u00f3n de mobiliario y decoraciones, lo que conlleva tambi\u00e9n un incremento en el volumen de basura, que en gran parte de los casos se lleva a los contenedores que no tienen esa funci\u00f3n.<\/p>\n\n\n\n<p>El funcionario municipal dijo que dado lo observado el 24 y 25 de diciembre (con la&nbsp; proliferaci\u00f3n de basura en exterior), para este 2 de enero ser\u00e1 implementada una jornada especial de atenci\u00f3n en domingo, pues no habr\u00e1 servicio de recolecci\u00f3n el s\u00e1bado 1 de enero.<\/p>\n\n\n\n<p>Cabe recordar que de manera habitual el personal de limpia no labora domingos, pero en Navidad y el 26 de enero fue necesario establecer operativos para levantar basura que fue dispuesta incorrectamente en varios segmentos de la v\u00eda p\u00fablica.<\/p>\n\n\n\n<p>Garc\u00eda Linarte inform\u00f3 que es instrucci\u00f3n del presidente municipal, Jorge M\u00e1rquez Alvarado, es establecer lo necesario para que la ciudad est\u00e9 limpia y que se siga fomentando entre la poblaci\u00f3n conciencia ambiental.<\/p>\n\n\n\n<p>Se puso a disposici\u00f3n el tel\u00e9fono 7751141881 para envi\u00f3 de reportes v\u00eda whatsapp en torno a residuos mal dispuestos y de esa manera poder actuar de manera oportuna, e igualmente contar con elementos de evidencia para aplicar lo que se\u00f1ala la reglamentaci\u00f3n en materia de recolecci\u00f3n.<\/p>\n","protected":false},"excerpt":{"rendered":"<p>Tulancingo.- Oscar Ricardo Garc\u00eda Linarte, titular de la direcci\u00f3n de Limpias, de Tulancingo, inform\u00f3 que en este periodo festivo creci\u00f3 de manera considerable la cifra de residuos que se recolectan en el municipio. En&nbsp; las pasadas festividades de nochebuena y Navidad se captaron 200 toneladas de residuos s\u00f3lidos; es decir, 70 m\u00e1s a lo que [&hellip;]<\/p>\n","protected":false},"author":93,"featured_media":197382,"comment_status":"closed","ping_status":"closed","sticky":false,"template":"","format":"standard","meta":{"footnotes":""},"categories":[2159,40],"tags":[],"class_list":["post-197376","post","type-post","status-publish","format-standard","has-post-thumbnail","hentry","category-noticias-de-hidalgo","category-region"],"_links":{"self":[{"href":"https:\/\/plazajuarez.mx\/historico\/wp-json\/wp\/v2\/posts\/197376","targetHints":{"allow":["GET"]}}],"collection":[{"href":"https:\/\/plazajuarez.mx\/historico\/wp-json\/wp\/v2\/posts"}],"about":[{"href":"https:\/\/plazajuarez.mx\/historico\/wp-json\/wp\/v2\/types\/post"}],"author":[{"embeddable":true,"href":"https:\/\/plazajuarez.mx\/historico\/wp-json\/wp\/v2\/users\/93"}],"replies":[{"embeddable":true,"href":"https:\/\/plazajuarez.mx\/historico\/wp-json\/wp\/v2\/comments?post=197376"}],"version-history":[{"count":0,"href":"https:\/\/plazajuarez.mx\/historico\/wp-json\/wp\/v2\/posts\/197376\/revisions"}],"wp:featuredmedia":[{"embeddable":true,"href":"https:\/\/plazajuarez.mx\/historico\/wp-json\/wp\/v2\/media\/197382"}],"wp:attachment":[{"href":"https:\/\/plazajuarez.mx\/historico\/wp-json\/wp\/v2\/media?parent=197376"}],"wp:term":[{"taxonomy":"category","embeddable":true,"href":"https:\/\/plazajuarez.mx\/historico\/wp-json\/wp\/v2\/categories?post=197376"},{"taxonomy":"post_tag","embeddable":true,"href":"https:\/\/plazajuarez.mx\/historico\/wp-json\/wp\/v2\/tags?post=197376"}],"curies":[{"name":"wp","href":"https:\/\/api.w.org\/{rel}","templated":true}]}}