{"id":197357,"date":"2021-12-31T10:15:37","date_gmt":"2021-12-31T16:15:37","guid":{"rendered":"https:\/\/plazajuarez.mx\/?p=197357"},"modified":"2021-12-31T10:15:51","modified_gmt":"2021-12-31T16:15:51","slug":"papa-cancela-visita-al-portal-de-belen-por-la-pandemia","status":"publish","type":"post","link":"https:\/\/plazajuarez.mx\/historico\/papa-cancela-visita-al-portal-de-belen-por-la-pandemia\/","title":{"rendered":"Papa cancela visita al Portal de Bel\u00e9n por la pandemia"},"content":{"rendered":"\n<p>El papa Francisco no efectuar\u00e1 la tradicional visita al Portal de Bel\u00e9n y el \u00e1rbol de Navidad, instalados en la Plaza de San Pedro, para evitar aglomeraciones y el riesgo de contagios por coronavirus&#8221;, explic\u00f3 la Oficina de Prensa del Vaticano.<\/p>\n\n\n\n<p>Francisco celebr\u00f3 ayer la misa de final de a\u00f1o, y la tradici\u00f3n establece que a su t\u00e9rmino el papa acude a visitar el \u00e1rbol y el Portal de Bel\u00e9n de la Plaza de San Pedro, donde le suelen esperar numerosos fieles y curiosos, a los que saluda, y tambi\u00e9n medios de comunicaci\u00f3n que cubren el acto.<\/p>\n\n\n\n<p>En 2020, sin embargo, no presidi\u00f3 la misa, ni tampoco la del 1 de enero de 2021, por un problema de ci\u00e1tica.<\/p>\n\n\n\n<p>En esta ocasi\u00f3n, el pesebre procede de Per\u00fa y est\u00e1 formado por 35 piezas a escala real representativas de la comunidad campesina de Chopcca, de la c\u00e9ntrica regi\u00f3n andina de Huancavelica.<\/p>\n","protected":false},"excerpt":{"rendered":"<p>El papa Francisco no efectuar\u00e1 la tradicional visita al Portal de Bel\u00e9n y el \u00e1rbol de Navidad, instalados en la Plaza de San Pedro, para evitar aglomeraciones y el riesgo de contagios por coronavirus&#8221;, explic\u00f3 la Oficina de Prensa del Vaticano. Francisco celebr\u00f3 ayer la misa de final de a\u00f1o, y la tradici\u00f3n establece que [&hellip;]<\/p>\n","protected":false},"author":80,"featured_media":197403,"comment_status":"closed","ping_status":"closed","sticky":false,"template":"","format":"standard","meta":{"footnotes":""},"categories":[31],"tags":[],"class_list":["post-197357","post","type-post","status-publish","format-standard","has-post-thumbnail","hentry","category-orbe"],"_links":{"self":[{"href":"https:\/\/plazajuarez.mx\/historico\/wp-json\/wp\/v2\/posts\/197357","targetHints":{"allow":["GET"]}}],"collection":[{"href":"https:\/\/plazajuarez.mx\/historico\/wp-json\/wp\/v2\/posts"}],"about":[{"href":"https:\/\/plazajuarez.mx\/historico\/wp-json\/wp\/v2\/types\/post"}],"author":[{"embeddable":true,"href":"https:\/\/plazajuarez.mx\/historico\/wp-json\/wp\/v2\/users\/80"}],"replies":[{"embeddable":true,"href":"https:\/\/plazajuarez.mx\/historico\/wp-json\/wp\/v2\/comments?post=197357"}],"version-history":[{"count":0,"href":"https:\/\/plazajuarez.mx\/historico\/wp-json\/wp\/v2\/posts\/197357\/revisions"}],"wp:featuredmedia":[{"embeddable":true,"href":"https:\/\/plazajuarez.mx\/historico\/wp-json\/wp\/v2\/media\/197403"}],"wp:attachment":[{"href":"https:\/\/plazajuarez.mx\/historico\/wp-json\/wp\/v2\/media?parent=197357"}],"wp:term":[{"taxonomy":"category","embeddable":true,"href":"https:\/\/plazajuarez.mx\/historico\/wp-json\/wp\/v2\/categories?post=197357"},{"taxonomy":"post_tag","embeddable":true,"href":"https:\/\/plazajuarez.mx\/historico\/wp-json\/wp\/v2\/tags?post=197357"}],"curies":[{"name":"wp","href":"https:\/\/api.w.org\/{rel}","templated":true}]}}