{"id":197322,"date":"2021-12-30T14:37:39","date_gmt":"2021-12-30T20:37:39","guid":{"rendered":"https:\/\/plazajuarez.mx\/?p=197322"},"modified":"2021-12-30T14:37:52","modified_gmt":"2021-12-30T20:37:52","slug":"ciudad_mexico-2","status":"publish","type":"post","link":"https:\/\/plazajuarez.mx\/historico\/ciudad_mexico-2\/","title":{"rendered":"Autoridades descartan una nueva ola de covid en la Ciudad de M\u00e9xico"},"content":{"rendered":"\n<p>La Ciudad de M\u00e9xico est\u00e1 experimentando un aumento de contagios de coronavirus pero de momento se descarta una cuarta ola de covid, aseguraron hoy las autoridades capitalinas.<\/p>\n\n\n\n<p>&#8220;Hay que ser muy precisos. (&#8230;) Lo que vemos en realidad en la ciudad es que ese incremento de casos que podr\u00eda ser de unos d\u00edas, unas semanas, no se ha reflejado en una ola de hospitalizaciones y es toda la diferencia del mundo&#8221;, dijo en conferencia de prensa Eduardo Clark, director general de Gobierno Digital de la Agencia Digital de Innovaci\u00f3n P\u00fablica de la Ciudad de M\u00e9xico.<\/p>\n\n\n\n<p>En este sentido, precis\u00f3 que el objetivo principal de las autoridades sanitarias ha sido, desde el principio de la pandemia, a finales de febrero de 2020, reducir las defunciones y las hospitalizaciones, cifras que no est\u00e1n escalando.<\/p>\n\n\n\n<p>Seg\u00fan los datos m\u00e1s recientes, en la Ciudad de M\u00e9xico hay actualmente 338 personas hospitalizadas por coronavirus, una reducci\u00f3n de 9 en la ultimas 24 horas.<\/p>\n\n\n\n<p>Adem\u00e1s, hay 3.320 casos activos.<\/p>\n\n\n\n<p>El especialista insisti\u00f3, junto a la jefa de Gobierno de la ciudad, Claudia Sheinbaum, y la secretaria de Salud, Oliva L\u00f3pez, en la relevancia de que la vacunaci\u00f3n haya avanzado, puesto que gracias a esto las pr\u00f3ximas &#8220;olas&#8221; o tendencias de aumento de contagios toman un camino distinto.<\/p>\n\n\n\n<p>&#8220;Es muy distinta la ola que pueda venir, o m\u00e1s bien lo que pueda suceder en el futuro, que lo que hemos visto en el pasado. \u00bfPor qu\u00e9? por la vacunaci\u00f3n y porque la evidencia internacional demuestra que la vacunaci\u00f3n funciona para evitar que un incremento de casos se pueda convertir en un aumento de fallecimientos y hospitalizaciones&#8221;, insisti\u00f3 Clark.<\/p>\n\n\n\n<p>Sheinbaum reforz\u00f3 lo dicho por Clark y dijo que la estrategia de la ciudad sigue siendo la misma: &#8220;vacunar, vacunar y vacunar&#8221;.<\/p>\n\n\n\n<p>Actualmente en la capital se est\u00e1 aplicando la tercera dosis de la vacuna anticovid a personas de m\u00e1s de 60 a\u00f1os y a personal sanitario.<\/p>\n\n\n\n<p>Tambi\u00e9n se est\u00e1 administrando la segunda a menores de entre 15 y 17 a\u00f1os.<\/p>\n\n\n\n<p>Seg\u00fan los datos oficiales m\u00e1s actualizados, en la Ciudad de M\u00e9xico hay 3.320 casos de covid activos y tuvo ocho defunciones en las \u00faltimas 24 horas.<\/p>\n\n\n\n<p>M\u00e9xico suma 299.132 fallecimientos por coronavirus y un total de 3.961.662 contagios.<\/p>\n\n\n\n<p>Pese a ser una de las naciones m\u00e1s afectadas del mundo por la pandemia, el Gobierno federal de M\u00e9xico dijo el martes que &#8220;se sobreestima&#8221; a la variante \u00f3micron del coronavirus porque en territorio mexicano la pandemia sigue a la baja, e inst\u00f3 a toda la poblaci\u00f3n a vacunarse.<\/p>\n","protected":false},"excerpt":{"rendered":"<p>La Ciudad de M\u00e9xico est\u00e1 experimentando un aumento de contagios de coronavirus pero de momento se descarta una cuarta ola de covid, aseguraron hoy las autoridades capitalinas. &#8220;Hay que ser muy precisos. (&#8230;) Lo que vemos en realidad en la ciudad es que ese incremento de casos que podr\u00eda ser de unos d\u00edas, unas semanas, [&hellip;]<\/p>\n","protected":false},"author":80,"featured_media":197326,"comment_status":"closed","ping_status":"closed","sticky":false,"template":"","format":"standard","meta":{"footnotes":""},"categories":[36],"tags":[],"class_list":["post-197322","post","type-post","status-publish","format-standard","has-post-thumbnail","hentry","category-nacion"],"_links":{"self":[{"href":"https:\/\/plazajuarez.mx\/historico\/wp-json\/wp\/v2\/posts\/197322","targetHints":{"allow":["GET"]}}],"collection":[{"href":"https:\/\/plazajuarez.mx\/historico\/wp-json\/wp\/v2\/posts"}],"about":[{"href":"https:\/\/plazajuarez.mx\/historico\/wp-json\/wp\/v2\/types\/post"}],"author":[{"embeddable":true,"href":"https:\/\/plazajuarez.mx\/historico\/wp-json\/wp\/v2\/users\/80"}],"replies":[{"embeddable":true,"href":"https:\/\/plazajuarez.mx\/historico\/wp-json\/wp\/v2\/comments?post=197322"}],"version-history":[{"count":0,"href":"https:\/\/plazajuarez.mx\/historico\/wp-json\/wp\/v2\/posts\/197322\/revisions"}],"wp:featuredmedia":[{"embeddable":true,"href":"https:\/\/plazajuarez.mx\/historico\/wp-json\/wp\/v2\/media\/197326"}],"wp:attachment":[{"href":"https:\/\/plazajuarez.mx\/historico\/wp-json\/wp\/v2\/media?parent=197322"}],"wp:term":[{"taxonomy":"category","embeddable":true,"href":"https:\/\/plazajuarez.mx\/historico\/wp-json\/wp\/v2\/categories?post=197322"},{"taxonomy":"post_tag","embeddable":true,"href":"https:\/\/plazajuarez.mx\/historico\/wp-json\/wp\/v2\/tags?post=197322"}],"curies":[{"name":"wp","href":"https:\/\/api.w.org\/{rel}","templated":true}]}}