{"id":197320,"date":"2021-12-30T14:07:48","date_gmt":"2021-12-30T20:07:48","guid":{"rendered":"https:\/\/plazajuarez.mx\/?p=197320"},"modified":"2021-12-30T14:08:04","modified_gmt":"2021-12-30T20:08:04","slug":"cd_mx","status":"publish","type":"post","link":"https:\/\/plazajuarez.mx\/historico\/cd_mx\/","title":{"rendered":"CDMX analiza entregar pruebas Covid ante incremento de positivos"},"content":{"rendered":"\n<p>Ante el incremento de casos de Covid-19, el Gobierno de la Ciudad de M\u00e9xico analiza la entrega de pruebas de auto aplicaci\u00f3n para detectar el virus, las cuales consisten en un raspado nasal esto sin perder la informaci\u00f3n de las personas en caso de que salgan positivos.<\/p>\n\n\n\n<p>La jefa de Gobierno, Claudia Sheinbaum, record\u00f3 que hab\u00eda disminuido la demanda de las pruebas para detectar el virus as\u00ed como los lugares para realizarlas, pero que la siguiente semana se va ampliar el n\u00famero de kioscos e implementar otro tipo de pruebas que ya se encuentran disponibles para su adquisici\u00f3n que no necesariamente requieren tanto tiempo para su aplicaci\u00f3n.<\/p>\n\n\n\n<p>En ese sentido, la secretaria de Salud (Sedesa), Oliva L\u00f3pez Arellano, detall\u00f3 que estas pruebas de autoaplicaci\u00f3n ser\u00edan por raspado nasal, y se est\u00e1 analizando c\u00f3mo ser\u00eda el seguimiento que se le dar\u00eda a esta personas, pero que este lunes lo anunciar\u00e1n.<\/p>\n\n\n\n<p>&#8220;Si vamos a ampliar seguramente los Macro kioscos, ten\u00edamos uno por cada alcald\u00eda seguramente no desplegaremos de inicio 16, estar\u00edamos hablando de la mitad y tambi\u00e9n probando este tipo de nuevas pruebas que ya est\u00e1n aprobadas y que tienen utilidad de diagn\u00f3stico r\u00e1pido, raspado nasal y con resultado r\u00e1pido&#8221;.<\/p>\n\n\n\n<p>A pregunta expresa sobre si se dar\u00e1 las pruebas de raspado nasal a las personas para que ellos mismos se hagan la prueba, Oliva L\u00f3pez coment\u00f3 que justamente se encuentran valorando porque ser\u00eda un cambio de la log\u00edstica de los kioscos, &#8220;lo que no queremos perder es esa personas que se auto diagnostica y necesitamos captarla porque es lo que le da fortaleza a la Ciudad de M\u00e9xico que tiene toda la informaci\u00f3n al d\u00eda nominal de las personas que salen positivas&#8221;, a\u00f1adi\u00f3.<\/p>\n","protected":false},"excerpt":{"rendered":"<p>Ante el incremento de casos de Covid-19, el Gobierno de la Ciudad de M\u00e9xico analiza la entrega de pruebas de auto aplicaci\u00f3n para detectar el virus, las cuales consisten en un raspado nasal esto sin perder la informaci\u00f3n de las personas en caso de que salgan positivos. La jefa de Gobierno, Claudia Sheinbaum, record\u00f3 que [&hellip;]<\/p>\n","protected":false},"author":81,"featured_media":185063,"comment_status":"closed","ping_status":"closed","sticky":false,"template":"","format":"standard","meta":{"footnotes":""},"categories":[2160],"tags":[],"class_list":["post-197320","post","type-post","status-publish","format-standard","has-post-thumbnail","hentry","category-noticias-de-la-ciudad-de-mexico"],"_links":{"self":[{"href":"https:\/\/plazajuarez.mx\/historico\/wp-json\/wp\/v2\/posts\/197320","targetHints":{"allow":["GET"]}}],"collection":[{"href":"https:\/\/plazajuarez.mx\/historico\/wp-json\/wp\/v2\/posts"}],"about":[{"href":"https:\/\/plazajuarez.mx\/historico\/wp-json\/wp\/v2\/types\/post"}],"author":[{"embeddable":true,"href":"https:\/\/plazajuarez.mx\/historico\/wp-json\/wp\/v2\/users\/81"}],"replies":[{"embeddable":true,"href":"https:\/\/plazajuarez.mx\/historico\/wp-json\/wp\/v2\/comments?post=197320"}],"version-history":[{"count":0,"href":"https:\/\/plazajuarez.mx\/historico\/wp-json\/wp\/v2\/posts\/197320\/revisions"}],"wp:featuredmedia":[{"embeddable":true,"href":"https:\/\/plazajuarez.mx\/historico\/wp-json\/wp\/v2\/media\/185063"}],"wp:attachment":[{"href":"https:\/\/plazajuarez.mx\/historico\/wp-json\/wp\/v2\/media?parent=197320"}],"wp:term":[{"taxonomy":"category","embeddable":true,"href":"https:\/\/plazajuarez.mx\/historico\/wp-json\/wp\/v2\/categories?post=197320"},{"taxonomy":"post_tag","embeddable":true,"href":"https:\/\/plazajuarez.mx\/historico\/wp-json\/wp\/v2\/tags?post=197320"}],"curies":[{"name":"wp","href":"https:\/\/api.w.org\/{rel}","templated":true}]}}