{"id":197314,"date":"2021-12-30T13:51:22","date_gmt":"2021-12-30T19:51:22","guid":{"rendered":"https:\/\/plazajuarez.mx\/?p=197314"},"modified":"2021-12-30T13:51:32","modified_gmt":"2021-12-30T19:51:32","slug":"netflix_","status":"publish","type":"post","link":"https:\/\/plazajuarez.mx\/historico\/netflix_\/","title":{"rendered":"Documental de Netflix moviliza al Gobierno mexicano para resolver un caso"},"content":{"rendered":"\n<p>Una serie documental de Netflix capt\u00f3 este jueves la atenci\u00f3n del Gobierno de M\u00e9xico, que fija la mirada en la sentencia por secuestro de cuatro personas en el suroriental estado de Tabasco, de donde es originario el presidente Andr\u00e9s Manuel L\u00f3pez Obrador.<\/p>\n\n\n\n<p>&#8220;Estoy enterado, no he visto la serie, pero s\u00ed estoy enterado porque me lo acaba de plantear la gobernadora de Campeche, Layda Sansores, y ella me pidi\u00f3 que intervini\u00e9ramos porque se considera una injusticia&#8221;, dijo al respecto el mandatario en su \u00faltima conferencia de prensa diaria de 2021.<\/p>\n\n\n\n<p>La serie se llama &#8220;Duda razonable&#8221; y es dirigida por Roberto Hern\u00e1ndez, que salt\u00f3 a la fama nacional por encabezar el documental &#8220;Presunto culpable&#8221; (2008), en el que se narra la historia de To\u00f1o Z\u00fa\u00f1iga, acusado de un homicidio que no cometi\u00f3.<\/p>\n\n\n\n<p>En esta entrega, estrenada el 23 de noviembre en la plataforma, Hern\u00e1ndez relata durante cuatro cap\u00edtulos el caso de Darwin Morales, H\u00e9ctor Mu\u00f1oz, Juan Luis L\u00f3pez y Gonzalo Garc\u00eda, que fueron detenidos en 2015 por secuestro en el municipio de Macuspana acusados de secuestro.<\/p>\n\n\n\n<p>Para la producci\u00f3n del documental se necesitaron cinco a\u00f1os en donde Hern\u00e1ndez pudo entrevistar hasta 450 presos en Tabasco y es as\u00ed como dio con la historia de estas cuatro personas, seg\u00fan relat\u00f3 en distintas entrevistas en la prensa mexicana.<\/p>\n\n\n\n<p>As\u00ed como &#8220;Presunto Culpable&#8221;, &#8220;Duda razonable&#8221; expone las deficiencias del sistema penal mexicano, que solo logra resolver cerca del 5 % de los casos que llegan a los juzgados, seg\u00fan estimaciones oficiales.<\/p>\n\n\n\n<p>La serie revela torturas, testimonios contradictorios y la coartada de los acusados, quienes insisten en que jam\u00e1s secuestraron a nadie.<\/p>\n\n\n\n<p>Todo se inici\u00f3 en 2015 con un accidente de tr\u00e1fico en donde H\u00e9ctor recibi\u00f3 un disparo en la mano cuando le reclam\u00f3 al conductor del veh\u00edculo que lo impact\u00f3, este personaje fue quien despu\u00e9s declar\u00f3 ante las autoridades que pas\u00f3 exactamente lo mismo pero al rev\u00e9s, y que lo iban a secuestrar.<\/p>\n\n\n\n<p>A los cuatro se les impuso una condena de 50 a\u00f1os, pese a que no exist\u00eda ninguna prueba m\u00e1s all\u00e1 del testimonio del otro conductor.<\/p>\n\n\n\n<p>\u00danicamente Darwin ha logrado salir de prisi\u00f3n porque su defensa prob\u00f3 que \u00e9l se encontraba en otro lugar en el momento de los hechos.<\/p>\n\n\n\n<p>La defensa plante\u00f3 en 2020 que la Suprema Corte tomara el caso sin tener una respuesta hasta el momento.<\/p>\n\n\n\n<p>&#8220;(Estamos) buscando que haya justicia, porque se puede reponer el procedimiento, hay formas&#8221;, asever\u00f3 L\u00f3pez Obrador, quien le encarg\u00f3 al secretario de Gobernaci\u00f3n y gobernador de Tabasco con licencia, Ad\u00e1n Augusto L\u00f3pez, que mire de cerca el caso.<\/p>\n\n\n\n<p>&#8220;Hay abiertas investigaciones sobre funcionarios y exfuncionarios en este caso de la Fiscal\u00eda estatal que lo fueron durante los a\u00f1os, entre 2012 y 2018, y estar\u00edamos a la espera de que la autoridad judicial emita su resolutivo&#8221;, dijo a su vez el titular de Gobernaci\u00f3n.<\/p>\n","protected":false},"excerpt":{"rendered":"<p>Una serie documental de Netflix capt\u00f3 este jueves la atenci\u00f3n del Gobierno de M\u00e9xico, que fija la mirada en la sentencia por secuestro de cuatro personas en el suroriental estado de Tabasco, de donde es originario el presidente Andr\u00e9s Manuel L\u00f3pez Obrador. &#8220;Estoy enterado, no he visto la serie, pero s\u00ed estoy enterado porque me [&hellip;]<\/p>\n","protected":false},"author":80,"featured_media":197315,"comment_status":"closed","ping_status":"closed","sticky":false,"template":"","format":"standard","meta":{"footnotes":""},"categories":[36],"tags":[],"class_list":["post-197314","post","type-post","status-publish","format-standard","has-post-thumbnail","hentry","category-nacion"],"_links":{"self":[{"href":"https:\/\/plazajuarez.mx\/historico\/wp-json\/wp\/v2\/posts\/197314","targetHints":{"allow":["GET"]}}],"collection":[{"href":"https:\/\/plazajuarez.mx\/historico\/wp-json\/wp\/v2\/posts"}],"about":[{"href":"https:\/\/plazajuarez.mx\/historico\/wp-json\/wp\/v2\/types\/post"}],"author":[{"embeddable":true,"href":"https:\/\/plazajuarez.mx\/historico\/wp-json\/wp\/v2\/users\/80"}],"replies":[{"embeddable":true,"href":"https:\/\/plazajuarez.mx\/historico\/wp-json\/wp\/v2\/comments?post=197314"}],"version-history":[{"count":0,"href":"https:\/\/plazajuarez.mx\/historico\/wp-json\/wp\/v2\/posts\/197314\/revisions"}],"wp:featuredmedia":[{"embeddable":true,"href":"https:\/\/plazajuarez.mx\/historico\/wp-json\/wp\/v2\/media\/197315"}],"wp:attachment":[{"href":"https:\/\/plazajuarez.mx\/historico\/wp-json\/wp\/v2\/media?parent=197314"}],"wp:term":[{"taxonomy":"category","embeddable":true,"href":"https:\/\/plazajuarez.mx\/historico\/wp-json\/wp\/v2\/categories?post=197314"},{"taxonomy":"post_tag","embeddable":true,"href":"https:\/\/plazajuarez.mx\/historico\/wp-json\/wp\/v2\/tags?post=197314"}],"curies":[{"name":"wp","href":"https:\/\/api.w.org\/{rel}","templated":true}]}}