{"id":197307,"date":"2021-12-30T13:19:05","date_gmt":"2021-12-30T19:19:05","guid":{"rendered":"https:\/\/plazajuarez.mx\/?p=197307"},"modified":"2021-12-30T13:19:15","modified_gmt":"2021-12-30T19:19:15","slug":"dominika_paleta","status":"publish","type":"post","link":"https:\/\/plazajuarez.mx\/historico\/dominika_paleta\/","title":{"rendered":"Desde chiquita, Dominika Paleta ha &#8220;convivido&#8221; con fantasmas"},"content":{"rendered":"\n<p>Desde ni\u00f1a, Dominika Paleta ha experimentando contacto paranormal del que apenas habla y Daniel Mart\u00ednez, de peque\u00f1o, le ten\u00eda miedo al mito del hombre del costal, porque pensaba se meter\u00eda a su casa y se lo llevar\u00edan.<\/p>\n\n\n\n<p>Ambos, como cualquier persona, han experimentado miedo animal, ese donde mengua la l\u00f3gica y el cuerpo responde sin pensar.<\/p>\n\n\n\n<p>Motivado por el estreno de &#8220;Karem, la posesi\u00f3n&#8221;, filme de g\u00e9nero que llega este jueves a cines, EL UNIVERSAL convers\u00f3 con ellos y la ni\u00f1a protagonista Raquel Rodr\u00edguez sobre los temores y fantasmag\u00f3rico.<\/p>\n\n\n\n<p>La cinta dirigida por Henry Bedwell (M\u00e1s negro que la noche) est\u00e1 basado en un hecho real de los 80&#8217;s, sucedido en Durango. Un presunto demonio invadi\u00f3 el cuerpo de la peque\u00f1a, sin que sus padres lograran hacer algo, acabando todo en tragedia.<\/p>\n\n\n\n<p>\u00bfHan experimentado cosas paranorales en su vida?<\/p>\n\n\n\n<p>Dominika Paleta: Me han pasado varias. Desde ni\u00f1a me ha pasado tener contacto con gente que ya no est\u00e1 o quien sabe si sea gente \u00bfverdad? (risas). Pero en aquella edad no me abr\u00eda, ya despu\u00e9s de muchas terapias, pl\u00e1ticas y a\u00f1os, como que lo acept\u00e9. No es que se sienten a tomar el t\u00e9, sino que digamos, est\u00e1n en otros planos, simplemente y los siento.<\/p>\n\n\n\n<p>Daniel Mart\u00ednez: Siendo habitante de Tepoztl\u00e1n (Morelos), los ovnis no son muy educados y no me visitan. Tampoco muchos fantasmas, no s\u00e9. De repente he tenido contacto con mi madre, pero ha sido m\u00e1s a trav\u00e9s de sue\u00f1os que a veces son sensaciones gratas y en otras poco tristes, pero ah\u00ed est\u00e1n.<\/p>\n\n\n\n<p>Raquel Rodr\u00edguez: Precisamente cuando estaba sentada intentando leer el gui\u00f3n, sent\u00eda que alguien me tocaba la espalda y se sent\u00eda un escalofr\u00edo terrible. Fue una sensaci\u00f3n loqu\u00edsima.<\/p>\n\n\n\n<p>\u00bfEn qu\u00e9 momento de su vida han sentido m\u00e1s miedo?<\/p>\n\n\n\n<p>DP: Un par de veces quiz\u00e1, donde estuve a punto de morir. Ten\u00eda una gran adrenalina hasta que comenc\u00e9 a respirar y dije &#8216;si me toca, me toca en paz, me voy bien, no me gustar\u00eda morirme proque tengo dos hija y estoy en un buen momento&#8217;. Tambi\u00e9n he tenido miedo cuando una de mis hijas se cay\u00f3 y se abri\u00f3 la cabeza, para mi la familia es muy importante. Tambi\u00e9n el miedo ayudar a aprender muchas cosas.<\/p>\n\n\n\n<p>DM: En un accidente fuerte que tuve (en una pel\u00edcula, quemado por p\u00f3lvora) y sent\u00ed terror porque dije &#8216;voy a perder la mitad de mi cara&#8217; y entonces se entra al trabajo del d\u00eda a d\u00eda para pensar que eso no no va a pasar y hay que salir adelante.<\/p>\n\n\n\n<p>Ya como padre el miedo es cuando hay una situaci\u00f3n en uno de tus hijos oscura, fuerte, donde est\u00e1n metidos en problemas o se accidentan y la soluci\u00f3n no la tiene a la mano. En ese sentido, en esta pel\u00edcula el personaje es un homenaje al \u00e1dre que en ese momento ten\u00eda mucho miedo a lo que pasara con sus hijos.<\/p>\n\n\n\n<p>RR: Fue cuando empec\u00e9 a hacer la pel\u00edcula porque me preguntaba si la har\u00eda bien o mal, qu\u00e9 pasar\u00eda. Estaba temblando. Ten\u00eda 10 a\u00f1os y nunca hab\u00eda hecho nada, llegaba y estaban todos estos actores con mucha experiencia. Daniel gritaba y me espantaba (risas).<\/p>\n\n\n\n<p>\u00bfQu\u00e9 leyenda los aterraba?<\/p>\n\n\n\n<p>DP: La Llorona y la b\u00fasqueda de sus hijos. Siendo ni\u00f1a era el terror m\u00e1s grande.<\/p>\n\n\n\n<p>DM: Mi abuela paterna era una mujer de pueblo, pueblo y cuando conviv\u00edamos con ella no s\u00f3lo era una leyenda, sino muchas y a todas la cruzaba. Ella naci\u00f3 en la \u00e9poca de la revoluci\u00f3n y le ten\u00eda miedo a los villistas que se met\u00edan y eran espantososo. Entonces para mi los robachicos, el hombre del costal, eran de miedo.<\/p>\n\n\n\n<p>RR: La del Callej\u00f3n del Aguacate (en Coyoac\u00e1n, sobre gemidos de un ni\u00f1o asesinado en los 30&#8217;s) y yo pensaba qu\u00e9 har\u00eda si me pasara a mi. Por Dios, no me lo puedo creer.<\/p>\n","protected":false},"excerpt":{"rendered":"<p>Desde ni\u00f1a, Dominika Paleta ha experimentando contacto paranormal del que apenas habla y Daniel Mart\u00ednez, de peque\u00f1o, le ten\u00eda miedo al mito del hombre del costal, porque pensaba se meter\u00eda a su casa y se lo llevar\u00edan. Ambos, como cualquier persona, han experimentado miedo animal, ese donde mengua la l\u00f3gica y el cuerpo responde sin [&hellip;]<\/p>\n","protected":false},"author":80,"featured_media":197308,"comment_status":"closed","ping_status":"closed","sticky":false,"template":"","format":"standard","meta":{"footnotes":""},"categories":[38],"tags":[],"class_list":["post-197307","post","type-post","status-publish","format-standard","has-post-thumbnail","hentry","category-show"],"_links":{"self":[{"href":"https:\/\/plazajuarez.mx\/historico\/wp-json\/wp\/v2\/posts\/197307","targetHints":{"allow":["GET"]}}],"collection":[{"href":"https:\/\/plazajuarez.mx\/historico\/wp-json\/wp\/v2\/posts"}],"about":[{"href":"https:\/\/plazajuarez.mx\/historico\/wp-json\/wp\/v2\/types\/post"}],"author":[{"embeddable":true,"href":"https:\/\/plazajuarez.mx\/historico\/wp-json\/wp\/v2\/users\/80"}],"replies":[{"embeddable":true,"href":"https:\/\/plazajuarez.mx\/historico\/wp-json\/wp\/v2\/comments?post=197307"}],"version-history":[{"count":0,"href":"https:\/\/plazajuarez.mx\/historico\/wp-json\/wp\/v2\/posts\/197307\/revisions"}],"wp:featuredmedia":[{"embeddable":true,"href":"https:\/\/plazajuarez.mx\/historico\/wp-json\/wp\/v2\/media\/197308"}],"wp:attachment":[{"href":"https:\/\/plazajuarez.mx\/historico\/wp-json\/wp\/v2\/media?parent=197307"}],"wp:term":[{"taxonomy":"category","embeddable":true,"href":"https:\/\/plazajuarez.mx\/historico\/wp-json\/wp\/v2\/categories?post=197307"},{"taxonomy":"post_tag","embeddable":true,"href":"https:\/\/plazajuarez.mx\/historico\/wp-json\/wp\/v2\/tags?post=197307"}],"curies":[{"name":"wp","href":"https:\/\/api.w.org\/{rel}","templated":true}]}}