{"id":197299,"date":"2021-12-30T13:04:14","date_gmt":"2021-12-30T19:04:14","guid":{"rendered":"https:\/\/plazajuarez.mx\/?p=197299"},"modified":"2021-12-30T13:04:25","modified_gmt":"2021-12-30T19:04:25","slug":"zocalo-de-ciudad-de-mexico-vive-ultimo-dia-de-celebraciones-debido-a-covid-19","status":"publish","type":"post","link":"https:\/\/plazajuarez.mx\/historico\/zocalo-de-ciudad-de-mexico-vive-ultimo-dia-de-celebraciones-debido-a-covid-19\/","title":{"rendered":"Z\u00f3calo de Ciudad de M\u00e9xico vive \u00faltimo d\u00eda de celebraciones debido a covid-19"},"content":{"rendered":"\n<p>El emblem\u00e1tico Z\u00f3calo capitalino acoge este jueves a los \u00faltimos visitantes en su llamada Verbena Navide\u00f1a, un espect\u00e1culo con conciertos y atracciones, que terminar\u00e1 antes de tiempo debido a la pandemia de la covid-19.<\/p>\n\n\n\n<p>La verbena, que inici\u00f3 el pasado 17 de diciembre en dicha plaza, donde se encuentra el Palacio Nacional, residencia del presidente Andr\u00e9s Manuel L\u00f3pez Obrador, iba a permanecer hasta el \u00faltimo d\u00eda del a\u00f1o, pero la jefa de Gobierno de la capital anunci\u00f3 el mi\u00e9rcoles que este jueves ser\u00eda la \u00faltima jornada como una medida &#8220;de precauci\u00f3n&#8221;.<\/p>\n\n\n\n<p>Adem\u00e1s, tambi\u00e9n se cancel\u00f3 el concierto que se iba a llevar a cabo para dar la bienvenida al 2022 en el c\u00e9ntrico Paseo de la Reforma protagonizado por el grupo de cumbia Los \u00c1ngeles Azules.<\/p>\n\n\n\n<p>&#8220;No es una alarma, sino una medida para evitar mayor n\u00famero de contagios. Es una celebraci\u00f3n que se hizo en el 2019 y quer\u00edamos que se hiciera cada 31 de diciembre como algo que permaneciera en la ciudad, pero hay que respetar las medidas de sanidad&#8221;, dijo esta semana en rueda de prensa la jefa de Gobierno capitalina, Claudia Sheinbaum.<\/p>\n\n\n\n<p>La Verbena Navide\u00f1a 2021 incluy\u00f3 actividades gratuitas, donde los visitantes disfrutaron de conciertos y obras de teatro, adem\u00e1s de una villa navide\u00f1a, \u00e1rboles de Navidad monumentales, juegos mec\u00e1nicos, un bosque nevado, un tobog\u00e1n de hielo y experiencias audiovisuales.<\/p>\n\n\n\n<p>Tambi\u00e9n cont\u00f3 con exposiciones de diversas \u00e1reas del conocimiento y con un escenario principal donde hubo presentaciones enfocadas principalmente al p\u00fablico infantil.<\/p>\n\n\n\n<p>Desde el primer d\u00eda el Z\u00f3calo se llen\u00f3 de familias que, despu\u00e9s de m\u00e1s de un a\u00f1o y medio de pandemia deseaban celebrar las festividades decembrinas al aire libre y rodeados de opciones de ocio.<\/p>\n\n\n\n<p>&#8220;La verdad es que uno ya esta aburrido de estar encerrado, ojal\u00e1 se pudiera alargar un poquito m\u00e1s y que hubiera m\u00e1s acceso a los juegos&#8221;, dijo a Efe Lourdes Mart\u00ednez, quien acudi\u00f3 este mi\u00e9rcoles a la verbena con su hija Camila, quien dijo haberlo pasado &#8220;muy bien&#8221; aunque no pudo subirse a los juegos debido a las largas filas de gente.<\/p>\n\n\n\n<p>Muchos visitantes coincidieron en que dentro de la explanada del Z\u00f3calo se cumpli\u00f3 con medidas sanitarias como la utilizaci\u00f3n de cubrebocas y gel hidroalcoh\u00f3lico.<\/p>\n\n\n\n<p>Adem\u00e1s, aunque comprendieron que la situaci\u00f3n es compleja y entendieron las medidas, expresaron que la verbena fue un gran plan familiar.<\/p>\n\n\n\n<p>&#8220;Acu\u00e9rdese que fue mucho tiempo de estar encerrados, los ni\u00f1os necesitan salir. Corremos riesgo pero es importante para la salud mental que haya estas cosas&#8221;, comparti\u00f3 con Efe la se\u00f1ora Ju\u00e1rez, quien se mostr\u00f3 agradecida con las autoridades capitalinas.<\/p>\n\n\n\n<p>Sheinbaum insisti\u00f3 que el final anticipado de la verbena y la cancelaci\u00f3n del concierto no implican que vaya a haber, por el momento, otras medidas adicionales para frenar el avance de los contagios de covid-19.<\/p>\n\n\n\n<p>&#8220;No significa cerrar actividades econ\u00f3micas, solo queremos informar a la poblaci\u00f3n para que todos estemos precavidos con este incremento de contagios. Afortunadamente en la ciudad la mayor\u00eda de las personas ya est\u00e1 vacunada&#8221;, se\u00f1al\u00f3 la mandataria.<\/p>\n\n\n\n<p>Seg\u00fan los datos oficiales m\u00e1s actualizados, en Ciudad de M\u00e9xico hay 3.320 casos de covid activos y hubo ocho defunciones en las \u00faltimas 24 horas.<\/p>\n\n\n\n<p>M\u00e9xico suma 299.132 decesos por coronavirus y un total de 3.961.662 contagios.<\/p>\n\n\n\n<p>Pese a ser una de las naciones m\u00e1s afectadas del mundo por la pandemia, el Gobierno federal de M\u00e9xico dijo el martes que &#8220;se sobreestima&#8221; a la variante \u00f3micron del coronavirus porque en territorio mexicano la pandemia sigue a la baja, e inst\u00f3 a toda la poblaci\u00f3n a vacunarse.&nbsp;<\/p>\n","protected":false},"excerpt":{"rendered":"<p>El emblem\u00e1tico Z\u00f3calo capitalino acoge este jueves a los \u00faltimos visitantes en su llamada Verbena Navide\u00f1a, un espect\u00e1culo con conciertos y atracciones, que terminar\u00e1 antes de tiempo debido a la pandemia de la covid-19. La verbena, que inici\u00f3 el pasado 17 de diciembre en dicha plaza, donde se encuentra el Palacio Nacional, residencia del presidente [&hellip;]<\/p>\n","protected":false},"author":80,"featured_media":197305,"comment_status":"closed","ping_status":"closed","sticky":false,"template":"","format":"standard","meta":{"footnotes":""},"categories":[15,36],"tags":[],"class_list":["post-197299","post","type-post","status-publish","format-standard","has-post-thumbnail","hentry","category-destacadas","category-nacion"],"_links":{"self":[{"href":"https:\/\/plazajuarez.mx\/historico\/wp-json\/wp\/v2\/posts\/197299","targetHints":{"allow":["GET"]}}],"collection":[{"href":"https:\/\/plazajuarez.mx\/historico\/wp-json\/wp\/v2\/posts"}],"about":[{"href":"https:\/\/plazajuarez.mx\/historico\/wp-json\/wp\/v2\/types\/post"}],"author":[{"embeddable":true,"href":"https:\/\/plazajuarez.mx\/historico\/wp-json\/wp\/v2\/users\/80"}],"replies":[{"embeddable":true,"href":"https:\/\/plazajuarez.mx\/historico\/wp-json\/wp\/v2\/comments?post=197299"}],"version-history":[{"count":0,"href":"https:\/\/plazajuarez.mx\/historico\/wp-json\/wp\/v2\/posts\/197299\/revisions"}],"wp:featuredmedia":[{"embeddable":true,"href":"https:\/\/plazajuarez.mx\/historico\/wp-json\/wp\/v2\/media\/197305"}],"wp:attachment":[{"href":"https:\/\/plazajuarez.mx\/historico\/wp-json\/wp\/v2\/media?parent=197299"}],"wp:term":[{"taxonomy":"category","embeddable":true,"href":"https:\/\/plazajuarez.mx\/historico\/wp-json\/wp\/v2\/categories?post=197299"},{"taxonomy":"post_tag","embeddable":true,"href":"https:\/\/plazajuarez.mx\/historico\/wp-json\/wp\/v2\/tags?post=197299"}],"curies":[{"name":"wp","href":"https:\/\/api.w.org\/{rel}","templated":true}]}}