{"id":197024,"date":"2021-12-28T13:48:15","date_gmt":"2021-12-28T19:48:15","guid":{"rendered":"https:\/\/plazajuarez.mx\/?p=197024"},"modified":"2021-12-28T13:48:30","modified_gmt":"2021-12-28T19:48:30","slug":"2021_mexic","status":"publish","type":"post","link":"https:\/\/plazajuarez.mx\/historico\/2021_mexic\/","title":{"rendered":"Los protagonistas de la actualidad econ\u00f3mica en 2021 en M\u00e9xico"},"content":{"rendered":"\n<p>El exdirector general de Pemex Emilio Lozoya y su relaci\u00f3n con los sobornos de Odebrecht y el magnate Carlos Slim fueron algunos de los protagonistas de la actualidad econ\u00f3mica del a\u00f1o en M\u00e9xico, junto con el presidente del pa\u00eds, Andr\u00e9s Manuel L\u00f3pez Obrador, personaje permanente y diario por sus alocuciones.<\/p>\n\n\n\n<p>EMILIO LOZOYA<\/p>\n\n\n\n<p>El exdirector general de Petr\u00f3leos Mexicanos (Pemex) Emilio Lozoya es el principal implicado en el caso de los sobornos de la empresa brasile\u00f1a Odebrecht que suman m\u00e1s de 20 millones de d\u00f3lares.<\/p>\n\n\n\n<p>Su detenci\u00f3n y prisi\u00f3n preventiva se precipit\u00f3 en noviembre pasado despu\u00e9s de que se hiciera p\u00fablica una imagen del empresario cenando en un restaurante de lujo.<\/p>\n\n\n\n<p>CARLOS SLIM<\/p>\n\n\n\n<p>La revista Forbes calcula en 55.930 millones de d\u00f3lares la fortuna del magnate Carlos Slim en 2021, un aumento de 7,4 % frente a 2020. Considerado el m\u00e1s rico de M\u00e9xico, se vio este a\u00f1o envuelto en pol\u00e9micas como la relacionada con el accidente de la l\u00ednea 12 de metro de la capital, en cuya obra estuvo implicado en su momento.<\/p>\n\n\n\n<p>Asimismo, Slim participa en uno de los megaproyectos de L\u00f3pez Obrador, el Tren Maya, que recorrer\u00e1 cerca de 1.554 kil\u00f3metros en los cincos estados del sureste: Chiapas, Tabasco, Campeche, Yucat\u00e1n y Quintana Roo.<\/p>\n\n\n\n<p>El Tren Maya est\u00e1 generando enfrentamientos con habitantes de pueblos originarios y defensores del medioambiente, pero contin\u00faa avanzando.<\/p>\n\n\n\n<p>L\u00d3PEZ OBRADOR<\/p>\n\n\n\n<p>El presidente de M\u00e9xico, Andr\u00e9s Manuel L\u00f3pez Obrador, continu\u00f3 este 2021 acaparando la agenda p\u00fablica con sus conferencias matutinas diarias. Ademas, cumpli\u00f3 tres a\u00f1os de Gobierno y promedia m\u00e1s del 60 % de aprobaci\u00f3n en las encuestas.<\/p>\n\n\n\n<p>M\u00e9xico despierta, de esta forma, cada d\u00eda a las 7.00 horas con las asiduas ma\u00f1aneras en las que L\u00f3pez Obrador marca la agenda pol\u00edtica y establece la pauta a seguir para sus adversarios sin que haya sufrido apenas desgaste en la opini\u00f3n publica.<\/p>\n\n\n\n<p>CLAUDIA SHEINBAUM<\/p>\n\n\n\n<p>La jefa de Gobierno de la Ciudad de M\u00e9xico, Claudia Sheinbaum, ha ido ganando protagonismo durante este a\u00f1o y, del mismo modo, fuerza para ser posible candidata a las elecciones de 2024 tambi\u00e9n por Morena. Ha tenido presencia en numerosos actos del presidente de M\u00e9xico y a diario en la capital.<\/p>\n\n\n\n<p>A pesar del accidente de la l\u00ednea 12 del metro de la ciudad el pasado mayo y las pol\u00e9micas que se desataron entorno a su deficiente construcci\u00f3n y revisi\u00f3n rutinaria, Sheinbaum contin\u00faa siendo la mujer de la pol\u00edtica mexicana a pesar de la derrota sufrida en las elecciones municipales de este a\u00f1o al perder varias alcald\u00edas de Ciudad de M\u00e9xico.<\/p>\n\n\n\n<p>VICENTE FERN\u00c1NDEZ<\/p>\n\n\n\n<p>El del rey de las rancheras falleci\u00f3 el pasado 12 de diciembre D\u00eda de la Virgen de Guadalupe, una de las fechas m\u00e1s importantes del a\u00f1o para los mexicanos. &#8220;El rey&#8221; suena ahora con fuerza, aunque nunca hab\u00eda dejado de hacerlo y su familia, que siempre se hab\u00eda mostrado unida, lo recuerda con emotivas im\u00e1genes.<\/p>\n\n\n\n<p>Guadalajara vivi\u00f3 los d\u00edas siguientes al fallecimiento con enorme tristeza por la p\u00e9rdida de uno de los mayores representantes de M\u00e9xico en el Mundo.<\/p>\n","protected":false},"excerpt":{"rendered":"<p>El exdirector general de Pemex Emilio Lozoya y su relaci\u00f3n con los sobornos de Odebrecht y el magnate Carlos Slim fueron algunos de los protagonistas de la actualidad econ\u00f3mica del a\u00f1o en M\u00e9xico, junto con el presidente del pa\u00eds, Andr\u00e9s Manuel L\u00f3pez Obrador, personaje permanente y diario por sus alocuciones. EMILIO LOZOYA El exdirector general [&hellip;]<\/p>\n","protected":false},"author":80,"featured_media":197025,"comment_status":"closed","ping_status":"closed","sticky":false,"template":"","format":"standard","meta":{"footnotes":""},"categories":[36],"tags":[],"class_list":["post-197024","post","type-post","status-publish","format-standard","has-post-thumbnail","hentry","category-nacion"],"_links":{"self":[{"href":"https:\/\/plazajuarez.mx\/historico\/wp-json\/wp\/v2\/posts\/197024","targetHints":{"allow":["GET"]}}],"collection":[{"href":"https:\/\/plazajuarez.mx\/historico\/wp-json\/wp\/v2\/posts"}],"about":[{"href":"https:\/\/plazajuarez.mx\/historico\/wp-json\/wp\/v2\/types\/post"}],"author":[{"embeddable":true,"href":"https:\/\/plazajuarez.mx\/historico\/wp-json\/wp\/v2\/users\/80"}],"replies":[{"embeddable":true,"href":"https:\/\/plazajuarez.mx\/historico\/wp-json\/wp\/v2\/comments?post=197024"}],"version-history":[{"count":0,"href":"https:\/\/plazajuarez.mx\/historico\/wp-json\/wp\/v2\/posts\/197024\/revisions"}],"wp:featuredmedia":[{"embeddable":true,"href":"https:\/\/plazajuarez.mx\/historico\/wp-json\/wp\/v2\/media\/197025"}],"wp:attachment":[{"href":"https:\/\/plazajuarez.mx\/historico\/wp-json\/wp\/v2\/media?parent=197024"}],"wp:term":[{"taxonomy":"category","embeddable":true,"href":"https:\/\/plazajuarez.mx\/historico\/wp-json\/wp\/v2\/categories?post=197024"},{"taxonomy":"post_tag","embeddable":true,"href":"https:\/\/plazajuarez.mx\/historico\/wp-json\/wp\/v2\/tags?post=197024"}],"curies":[{"name":"wp","href":"https:\/\/api.w.org\/{rel}","templated":true}]}}