{"id":197022,"date":"2021-12-28T13:36:52","date_gmt":"2021-12-28T19:36:52","guid":{"rendered":"https:\/\/plazajuarez.mx\/?p=197022"},"modified":"2021-12-28T13:37:04","modified_gmt":"2021-12-28T19:37:04","slug":"amlo_cdmx","status":"publish","type":"post","link":"https:\/\/plazajuarez.mx\/historico\/amlo_cdmx\/","title":{"rendered":"CDMX de las urbes del mundo donde m\u00e1s se usa el cubrebocas: AMLO"},"content":{"rendered":"\n<p>El presidente Andr\u00e9s Manuel L\u00f3pez Obrador destac\u00f3 que la Ciudad de M\u00e9xico es una de las urbes del mundo donde m\u00e1s se usa el cubrebocas y &#8220;ah\u00ed no se puede decir que sea por el Presidente, para que vean lo grandioso de nuestro pueblo&#8221;.<\/p>\n\n\n\n<p>Desde que comenz\u00f3 la pandemia el presidente L\u00f3pez Obrador ha sido reacio a usar cubrebocas en espacios cerrados, porque \u00e9l lleva a cabo otras medidas como la sana distancia, s\u00f3lo lo utiliza cuando viaja en vuelos comerciales y recientemente en sus giras de trabajo por la Casa Blanca y la sede la ONU en Estados Unidos.<\/p>\n\n\n\n<p>En su conferencia de prensa, en Palacio Nacional, el titular del Ejecutivo destac\u00f3 que en comparaci\u00f3n con otras naciones supimos actuar todos los mexicanos, con mucha sabidur\u00eda, nos cuidamos y nos protegimos.<\/p>\n\n\n\n<p>&#8220;Si logramos esto es porque nos aplicamos todos, en primer lugar: la gente, les voy a dar un dato en aras de la objetividad, de decir siempre la verdad y no mentir, la Ciudad de M\u00e9xico es de las ciudades del mundo en donde m\u00e1s se usa el cubre bocas y ah\u00ed no se puede decir que sea por el Presidente&#8221;.<\/p>\n","protected":false},"excerpt":{"rendered":"<p>El presidente Andr\u00e9s Manuel L\u00f3pez Obrador destac\u00f3 que la Ciudad de M\u00e9xico es una de las urbes del mundo donde m\u00e1s se usa el cubrebocas y &#8220;ah\u00ed no se puede decir que sea por el Presidente, para que vean lo grandioso de nuestro pueblo&#8221;. Desde que comenz\u00f3 la pandemia el presidente L\u00f3pez Obrador ha sido [&hellip;]<\/p>\n","protected":false},"author":81,"featured_media":195481,"comment_status":"closed","ping_status":"closed","sticky":false,"template":"","format":"standard","meta":{"footnotes":""},"categories":[2160],"tags":[],"class_list":["post-197022","post","type-post","status-publish","format-standard","has-post-thumbnail","hentry","category-noticias-de-la-ciudad-de-mexico"],"_links":{"self":[{"href":"https:\/\/plazajuarez.mx\/historico\/wp-json\/wp\/v2\/posts\/197022","targetHints":{"allow":["GET"]}}],"collection":[{"href":"https:\/\/plazajuarez.mx\/historico\/wp-json\/wp\/v2\/posts"}],"about":[{"href":"https:\/\/plazajuarez.mx\/historico\/wp-json\/wp\/v2\/types\/post"}],"author":[{"embeddable":true,"href":"https:\/\/plazajuarez.mx\/historico\/wp-json\/wp\/v2\/users\/81"}],"replies":[{"embeddable":true,"href":"https:\/\/plazajuarez.mx\/historico\/wp-json\/wp\/v2\/comments?post=197022"}],"version-history":[{"count":0,"href":"https:\/\/plazajuarez.mx\/historico\/wp-json\/wp\/v2\/posts\/197022\/revisions"}],"wp:featuredmedia":[{"embeddable":true,"href":"https:\/\/plazajuarez.mx\/historico\/wp-json\/wp\/v2\/media\/195481"}],"wp:attachment":[{"href":"https:\/\/plazajuarez.mx\/historico\/wp-json\/wp\/v2\/media?parent=197022"}],"wp:term":[{"taxonomy":"category","embeddable":true,"href":"https:\/\/plazajuarez.mx\/historico\/wp-json\/wp\/v2\/categories?post=197022"},{"taxonomy":"post_tag","embeddable":true,"href":"https:\/\/plazajuarez.mx\/historico\/wp-json\/wp\/v2\/tags?post=197022"}],"curies":[{"name":"wp","href":"https:\/\/api.w.org\/{rel}","templated":true}]}}