{"id":197019,"date":"2021-12-28T13:31:52","date_gmt":"2021-12-28T19:31:52","guid":{"rendered":"https:\/\/plazajuarez.mx\/?p=197019"},"modified":"2021-12-28T13:32:00","modified_gmt":"2021-12-28T19:32:00","slug":"bodas_2021","status":"publish","type":"post","link":"https:\/\/plazajuarez.mx\/historico\/bodas_2021\/","title":{"rendered":"Las bodas del 2021: Altair Jarabo, Paris Hilton y Ariana Grande"},"content":{"rendered":"\n<p> Durante un a\u00f1o y medio las personas no tuvieron la posibilidad de verse y ya ni hablar de reunirse, pero para el amor no hay imposibles y este 2021 estuvo muy activo uniendo a los famoso, quienes llegaron al altar en ceremonias de cuentos de hadas o al fin se emparejaron con su pr\u00edncipe o princesa de ensue\u00f1o.<\/p>\n\n\n\n<p>Comencemos con una de las bodas m\u00e1s fant\u00e1sticas y glamorosa de este 2021, la de Sa\u00fal \u201cEl Canelo\u201d \u00c1lvarez y Fernanda G\u00f3mez. El 22 de mayo la Catedral de Guadalajara se engalan\u00f3 con la boda del boxeador y la modelo, quien luci\u00f3 un espectacular vestido de Elie Saab Haute Couture, que tuvo un costo arriba de los 150 mil d\u00f3lares; al finalizar la boda religiosa la gente pudo ver no s\u00f3lo a los novios, tambi\u00e9n a invitados como J Balvin y su novia Valentina Ferrer, Jaime Camil, Pepe Aguilar, Maluma, Juli\u00f3n \u00c1lvarez y Prince Royce.<\/p>\n\n\n\n<p>La fiesta se traslad\u00f3 al rancho, las Reinas, ubicado en San Isidro Mazatepec, y que es propiedad del Canelo. El lugar fue decorado con gran lujo, flores blancas y rosas, candelabros, manteles bordados, una vajilla dorada, entre otros detalles, hicieron que este festejo costara alrededor de 500 mil d\u00f3lares. Por si fuera poco la noche fue amenizada por Man\u00e1, Prince Royce, Los \u00c1ngeles Azules y la Banda El Recodo. Una semana antes se llev\u00f3 a cabo el enlace civil, con una ceremonia m\u00e1s discreta en Punta Mita, Nayarit, cuyo festejo cont\u00f3 con la actuaci\u00f3n de Mon Laferte.<\/p>\n\n\n\n<p>Puerto Vallarta fue el escenario que Alex Fern\u00e1ndez y Alexia Hern\u00e1ndez eligieron para realizar una \u00edntima ceremonia espiritual, como una forma de reafirmar su amor y la intenci\u00f3n de permanecer juntos. Fue el 24 de junio que rodeados de amigos y familiares m\u00e1s cercanos, en casa de su padre Alejandro Fern\u00e1ndez, que estos j\u00f3venes se dieron el s\u00ed, \u00e9l luciendo un elegante traje de lino y ella enfundada en un vestido de encaje de Rosa Clar\u00e1.<\/p>\n\n\n\n<p>Estando a un mes de la boda religiosa los j\u00f3venes deciden posponer todo, debido al accidente que sufri\u00f3 Vicente Fern\u00e1ndez, aun as\u00ed dieron la noticia de su primer beb\u00e9 y revelaron que era ni\u00f1a en una gran fiesta, su nombre ser\u00e1 M\u00eda. En noviembre la pareja revelo que el 11-11-2022 es la nueva fecha para la boda por la Iglesia.<\/p>\n\n\n\n<p>El pasado 10 de septiembre el actor Julian Gil protagoniz\u00f3 uno de los momentos m\u00e1s emotivos que un padre puede vivir, entregar a su hija en el altar. Despu\u00e9s de esperar dos a\u00f1os para el enlace religioso, primero por la lucha de su prometido \u00cd\u00f1igo Ari\u00f1o contra el c\u00e1ncer y despu\u00e9s por la pandemia, finalmente Nicolle Gil hizo realidad su sue\u00f1o de tener una gran boda, la cual se realiz\u00f3 en una iglesia del centro de Madrid, donde entr\u00f3 acompa\u00f1ada de su famoso padre, quien no par\u00f3 de llorar de la emoci\u00f3n durante la ceremonia, todo fue compartido a detalle en las redes sociales de la novia.<\/p>\n\n\n\n<p>Una boda que fue elegante en su sencillez, fue la de Altair Jarabo y el empresario Fr\u00e9d\u00e9ric Garc\u00eda, realizada el 16 de agosto en un castillo ubicado en Borgo\u00f1a, Francia. Un par de d\u00edas antes se realiz\u00f3 la uni\u00f3n civil en una peque\u00f1a terraza con vista a la Torre Eiffel, donde estuvieron acompa\u00f1ados de familiares y amigos muy cercanos.<\/p>\n\n\n\n<p>La boda en grande se realiz\u00f3 en el castillo Ch\u00e2teau de Vallery, construido en 1548, donde adem\u00e1s de ofrecer una cena al estilo franc\u00e9s, los invitados disfrutaron de fuegos artificiales y una fiesta que dur\u00f3 hasta altas horas de la madrugada; el cost\u00f3 del evento se calcula en alrededor de medio mill\u00f3n de pesos.<\/p>\n\n\n\n<p>Quien al fin dio el s\u00ed acepto fue la socialit\u00e9 y empresaria Par\u00eds Hilton, quien contrajo nupcias con Carter Reum en una finca en Bel Air el 11 de noviembre, luciendo un bell\u00edsimo vestido de Oscar se la Renta, y dos cambios m\u00e1s de Fernando Garc\u00eda y Laura Kim. Todos los detalles de su lujosa boda se compartieron en su reality Paris in love.<\/p>\n\n\n\n<p>El 15 mayo la cantante Ariana Grande uni\u00f3 si vida con el agente inmobiliario Dalton G\u00f3mez, el escenario fue su casa en Montecito, California, luciendo un vestido de Vera Wang. Fue una boda muy \u00edntima en un sal\u00f3n de la casa, el cual estuvo iluminado con luz de velas y adornado con flores suspendidas del techo, y s\u00f3lo estuvieron presentes 20 personas, entre ellos los padres de los novios.<\/p>\n","protected":false},"excerpt":{"rendered":"<p>Durante un a\u00f1o y medio las personas no tuvieron la posibilidad de verse y ya ni hablar de reunirse, pero para el amor no hay imposibles y este 2021 estuvo muy activo uniendo a los famoso, quienes llegaron al altar en ceremonias de cuentos de hadas o al fin se emparejaron con su pr\u00edncipe o [&hellip;]<\/p>\n","protected":false},"author":81,"featured_media":197020,"comment_status":"closed","ping_status":"closed","sticky":false,"template":"","format":"standard","meta":{"footnotes":""},"categories":[38],"tags":[],"class_list":["post-197019","post","type-post","status-publish","format-standard","has-post-thumbnail","hentry","category-show"],"_links":{"self":[{"href":"https:\/\/plazajuarez.mx\/historico\/wp-json\/wp\/v2\/posts\/197019","targetHints":{"allow":["GET"]}}],"collection":[{"href":"https:\/\/plazajuarez.mx\/historico\/wp-json\/wp\/v2\/posts"}],"about":[{"href":"https:\/\/plazajuarez.mx\/historico\/wp-json\/wp\/v2\/types\/post"}],"author":[{"embeddable":true,"href":"https:\/\/plazajuarez.mx\/historico\/wp-json\/wp\/v2\/users\/81"}],"replies":[{"embeddable":true,"href":"https:\/\/plazajuarez.mx\/historico\/wp-json\/wp\/v2\/comments?post=197019"}],"version-history":[{"count":0,"href":"https:\/\/plazajuarez.mx\/historico\/wp-json\/wp\/v2\/posts\/197019\/revisions"}],"wp:featuredmedia":[{"embeddable":true,"href":"https:\/\/plazajuarez.mx\/historico\/wp-json\/wp\/v2\/media\/197020"}],"wp:attachment":[{"href":"https:\/\/plazajuarez.mx\/historico\/wp-json\/wp\/v2\/media?parent=197019"}],"wp:term":[{"taxonomy":"category","embeddable":true,"href":"https:\/\/plazajuarez.mx\/historico\/wp-json\/wp\/v2\/categories?post=197019"},{"taxonomy":"post_tag","embeddable":true,"href":"https:\/\/plazajuarez.mx\/historico\/wp-json\/wp\/v2\/tags?post=197019"}],"curies":[{"name":"wp","href":"https:\/\/api.w.org\/{rel}","templated":true}]}}