{"id":197016,"date":"2021-12-28T13:25:37","date_gmt":"2021-12-28T19:25:37","guid":{"rendered":"https:\/\/plazajuarez.mx\/?p=197016"},"modified":"2021-12-28T13:25:48","modified_gmt":"2021-12-28T19:25:48","slug":"camila_cabello-2","status":"publish","type":"post","link":"https:\/\/plazajuarez.mx\/historico\/camila_cabello-2\/","title":{"rendered":"Camila Cabello dejar\u00e1 redes sociales lo que resta del 2021"},"content":{"rendered":"\n<p>La ex integrante de Fifth Harmony anunci\u00f3 que al menos lo que resta del 2021 dejar\u00e1 a un lado el tel\u00e9fono m\u00f3vil.<\/p>\n\n\n\n<p>&#8220;\u00a1\u00a1Vamos a desintoxicarnos un poco de las redes sociales hasta el a\u00f1o nuevo!!! Solo quiero pasar menos de tiempo en mi tel\u00e9fono esta semana. Los amo a todos&#8221;, anunci\u00f3 la cantante y caus\u00f3 alarma entre sus fans.<\/p>\n\n\n\n<p>La int\u00e9rprete ha pasado momentos personales dif\u00edciles luego de su rompimiento con Shawn Mendes.<\/p>\n\n\n\n<p>&#8220;Hola chicos, hemos decidido terminar nuestra relaci\u00f3n rom\u00e1ntica, pero nuestro amor mutuo como humanos es m\u00e1s fuerte que nunca. Comenzamos nuestra relaci\u00f3n como mejores amigos y seguiremos siendo mejores amigos. Agradecemos su apoyo desde el principio y en el futuro&#8221;, anunci\u00f3 la pareja a finales de noviembre. La ex pareja de artistas dio la gracias a los que los apoyan &#8220;desde el inicio y de aqu\u00ed en adelante&#8221;, se lee en el mensaje que la pareja difundi\u00f3 en sus respectivas cuentas de redes sociales.<\/p>\n\n\n\n<p>Mendes, de 23 a\u00f1os y Cabello, de 24, se conocen desde hace al menos seis a\u00f1os cuando lanzaron juntos su primera colaboraci\u00f3n musical, &#8220;I Know What You Did Last Summer&#8221;.<\/p>\n\n\n\n<p>El video de la canci\u00f3n &#8220;Se\u00f1orita&#8221; de 2019 confirm\u00f3 su relaci\u00f3n. Desde esa fecha se los hab\u00eda visto junto en p\u00fablico en varios eventos, entre ellos la gala de los MTV Video Music Awards de agosto de ese a\u00f1o, donde interpretaron la canci\u00f3n en cuesti\u00f3n.<\/p>\n\n\n\n<p>Asimismo, la pareja aparec\u00eda de forma regular en las cuentas de Instagram de cada uno, y de hecho en una publicaci\u00f3n de la cubanoestadounidense de julio pasado se ve a la pareja d\u00e1ndose un beso, acompa\u00f1ado del mensaje &#8220;Felices dos a\u00f1os mi beb\u00e9&#8221;.<\/p>\n\n\n\n<p>Durante los primeros meses de la pandemia de la covid-19, la pareja se confin\u00f3 en Miami y de esa experiencia surgi\u00f3 el sencillo de Mendes &#8220;Summer of Love&#8221;.<\/p>\n\n\n\n<p>El canadiense dijo en entrevistas que aquellos meses uni\u00f3 m\u00e1s a la pareja.<\/p>\n\n\n\n<p>La aparici\u00f3n de fotos de Cabello vistiendo un anillo despert\u00f3 la sospechas de que ambos se hab\u00edan comprometido, lo que la cantante desminti\u00f3 el pasado verano en el &#8220;Late Night&#8221; de Jimmy Fallon de la cadena NBC.<\/p>\n\n\n\n<p>D\u00edas despu\u00e9s del anuncio de su ruptura con Mendes Cabello revel\u00f3 que sus problemas de ansiedad afectaron la relaci\u00f3n.<\/p>\n\n\n\n<p>&#8220;Estaba exhausta en todos los sentidos. Me qued\u00e9 sola con mi ansiedad y con mi mente. Eso estaba interfiriendo en mi relaci\u00f3n. Ya no era la misma y no me sent\u00eda bien&#8221;.<\/p>\n","protected":false},"excerpt":{"rendered":"<p>La ex integrante de Fifth Harmony anunci\u00f3 que al menos lo que resta del 2021 dejar\u00e1 a un lado el tel\u00e9fono m\u00f3vil. &#8220;\u00a1\u00a1Vamos a desintoxicarnos un poco de las redes sociales hasta el a\u00f1o nuevo!!! Solo quiero pasar menos de tiempo en mi tel\u00e9fono esta semana. Los amo a todos&#8221;, anunci\u00f3 la cantante y caus\u00f3 [&hellip;]<\/p>\n","protected":false},"author":81,"featured_media":197017,"comment_status":"closed","ping_status":"closed","sticky":false,"template":"","format":"standard","meta":{"footnotes":""},"categories":[38],"tags":[],"class_list":["post-197016","post","type-post","status-publish","format-standard","has-post-thumbnail","hentry","category-show"],"_links":{"self":[{"href":"https:\/\/plazajuarez.mx\/historico\/wp-json\/wp\/v2\/posts\/197016","targetHints":{"allow":["GET"]}}],"collection":[{"href":"https:\/\/plazajuarez.mx\/historico\/wp-json\/wp\/v2\/posts"}],"about":[{"href":"https:\/\/plazajuarez.mx\/historico\/wp-json\/wp\/v2\/types\/post"}],"author":[{"embeddable":true,"href":"https:\/\/plazajuarez.mx\/historico\/wp-json\/wp\/v2\/users\/81"}],"replies":[{"embeddable":true,"href":"https:\/\/plazajuarez.mx\/historico\/wp-json\/wp\/v2\/comments?post=197016"}],"version-history":[{"count":0,"href":"https:\/\/plazajuarez.mx\/historico\/wp-json\/wp\/v2\/posts\/197016\/revisions"}],"wp:featuredmedia":[{"embeddable":true,"href":"https:\/\/plazajuarez.mx\/historico\/wp-json\/wp\/v2\/media\/197017"}],"wp:attachment":[{"href":"https:\/\/plazajuarez.mx\/historico\/wp-json\/wp\/v2\/media?parent=197016"}],"wp:term":[{"taxonomy":"category","embeddable":true,"href":"https:\/\/plazajuarez.mx\/historico\/wp-json\/wp\/v2\/categories?post=197016"},{"taxonomy":"post_tag","embeddable":true,"href":"https:\/\/plazajuarez.mx\/historico\/wp-json\/wp\/v2\/tags?post=197016"}],"curies":[{"name":"wp","href":"https:\/\/api.w.org\/{rel}","templated":true}]}}