{"id":196995,"date":"2021-12-28T11:14:40","date_gmt":"2021-12-28T17:14:40","guid":{"rendered":"https:\/\/plazajuarez.mx\/?p=196995"},"modified":"2021-12-28T11:20:58","modified_gmt":"2021-12-28T17:20:58","slug":"cine-de-ayer-74","status":"publish","type":"post","link":"https:\/\/plazajuarez.mx\/historico\/cine-de-ayer-74\/","title":{"rendered":"CINE DE AYER"},"content":{"rendered":"\n<h2 class=\"wp-block-heading\">La \u00faltima de Armendariz<\/h2>\n\n\n\n<p>Navegando en You tube, nos encontramos con la cinta Verano violento de Alfonso Corona Blake, que es presentada como \u201cla \u00faltima del gran actor mexicano Pedro Armendariz\u201d.<\/p>\n\n\n\n<p>Aunque se inici\u00f3 en 1960, su fecha de producci\u00f3n es de 1966, y se estren\u00f3 en 10 cines encabezados por el Mariscala hasta diciembre de 1967, lo que motiv\u00f3 que la Cartelera Cinematogr\u00e1fica de Ayala Blanco y Mar\u00eda Luisa Amador err\u00f3neamente le atribuya el estelar a su hijo.<\/p>\n\n\n\n<p>La Historia Documental del Cine Mexicano de Emilio Garc\u00eda Riera la incluy\u00f3 originalmente en su tomo 9 correspondiente a 1966, pero en la reedici\u00f3n la regres\u00f3 a 1960.<\/p>\n\n\n\n<p>Lo que seguramente ocurri\u00f3 es que Armend\u00e1riz film\u00f3 su parte antes de salir al extranjero donde realiz\u00f3 sus \u00faltimas cintas antes de su suicidio el 18 de junio de 1963, al enterarse de su c\u00e1ncer terminal.<\/p>\n\n\n\n<p>El filme tuvo que recurrir entonces a capital norteamericano para finalizarla.<\/p>\n\n\n\n<p>El guion de Jos\u00e9 Fern\u00e1ndez Unsa\u00edn se inicia cuando es encontrado el cad\u00e1ver de la rica hacendada Beatriz Pe\u00f1a (Patricia de Morelos). Las autoridades sospechan que su asesino es su rudo esposo Francisco (Pedro Armend\u00e1riz), con el que discut\u00eda constantemente y al que recriminaba su humilde origen.<\/p>\n\n\n\n<p>Su \u00fanica lazo es su peque\u00f1a hija Rosita (Vicky Aguirre) para la cu\u00e1l contratan a la institutriz extranjera Anna Schuman (Erika Remberg).<\/p>\n\n\n\n<p>En el reparto hay actores tan competentes como Guillermo Murray, Eric del Castillo y Evangelina Elizondo, al lado de unas j\u00f3venes Adriana Roel e Isela Vega. Lo cierto es que Verano violento resulta toda una curiosidad que se puede encontrar en You tube.<\/p>\n","protected":false},"excerpt":{"rendered":"<p>La \u00faltima de Armendariz Navegando en You tube, nos encontramos con la cinta Verano violento de Alfonso Corona Blake, que es presentada como \u201cla \u00faltima del gran actor mexicano Pedro Armendariz\u201d. Aunque se inici\u00f3 en 1960, su fecha de producci\u00f3n es de 1966, y se estren\u00f3 en 10 cines encabezados por el Mariscala hasta diciembre [&hellip;]<\/p>\n","protected":false},"author":96,"featured_media":196998,"comment_status":"closed","ping_status":"closed","sticky":false,"template":"","format":"standard","meta":{"footnotes":""},"categories":[41,54,42],"tags":[],"class_list":["post-196995","post","type-post","status-publish","format-standard","has-post-thumbnail","hentry","category-arteria-cultural","category-jorge-carrasco","category-nuestrapalabra"],"_links":{"self":[{"href":"https:\/\/plazajuarez.mx\/historico\/wp-json\/wp\/v2\/posts\/196995","targetHints":{"allow":["GET"]}}],"collection":[{"href":"https:\/\/plazajuarez.mx\/historico\/wp-json\/wp\/v2\/posts"}],"about":[{"href":"https:\/\/plazajuarez.mx\/historico\/wp-json\/wp\/v2\/types\/post"}],"author":[{"embeddable":true,"href":"https:\/\/plazajuarez.mx\/historico\/wp-json\/wp\/v2\/users\/96"}],"replies":[{"embeddable":true,"href":"https:\/\/plazajuarez.mx\/historico\/wp-json\/wp\/v2\/comments?post=196995"}],"version-history":[{"count":0,"href":"https:\/\/plazajuarez.mx\/historico\/wp-json\/wp\/v2\/posts\/196995\/revisions"}],"wp:featuredmedia":[{"embeddable":true,"href":"https:\/\/plazajuarez.mx\/historico\/wp-json\/wp\/v2\/media\/196998"}],"wp:attachment":[{"href":"https:\/\/plazajuarez.mx\/historico\/wp-json\/wp\/v2\/media?parent=196995"}],"wp:term":[{"taxonomy":"category","embeddable":true,"href":"https:\/\/plazajuarez.mx\/historico\/wp-json\/wp\/v2\/categories?post=196995"},{"taxonomy":"post_tag","embeddable":true,"href":"https:\/\/plazajuarez.mx\/historico\/wp-json\/wp\/v2\/tags?post=196995"}],"curies":[{"name":"wp","href":"https:\/\/api.w.org\/{rel}","templated":true}]}}