{"id":196984,"date":"2021-12-28T10:26:13","date_gmt":"2021-12-28T16:26:13","guid":{"rendered":"https:\/\/plazajuarez.mx\/?p=196984"},"modified":"2021-12-28T10:26:26","modified_gmt":"2021-12-28T16:26:26","slug":"tres-anos-gobernaria-carolina-viggiano-y-tres-israel-felix","status":"publish","type":"post","link":"https:\/\/plazajuarez.mx\/historico\/tres-anos-gobernaria-carolina-viggiano-y-tres-israel-felix\/","title":{"rendered":"Tres a\u00f1os gobernar\u00eda Carolina Viggiano y tres Israel F\u00e9lix"},"content":{"rendered":"\n<p>Tras varias sesiones de discusiones al interior del Partido Revolucionario Institucional (PRI), la madrugada de hoy, por fin se acord\u00f3 que Carolina Viggiano Austria e Israel F\u00e9lix Soto ir\u00e1n en unidad con un gobierno compartido, en el que tres a\u00f1os gobierne \u201cCaro\u201d y los otros tres \u201cIsra\u201d, a fin de que se haga historia en la entidad y por primera vez se tenga un gobierno \u201cparitario\u201d.<\/p>\n\n\n\n<p>En conferencia de prensa, convocada 10 minutos antes, los aspirantes a la candidatura, apuntaron que ya se tiene el acuerdo y as\u00ed avanzar\u00e1n en la contienda, en tanto, se trabaja para ver de qu\u00e9 forma se puede hacer realidad esta propuesta en la entidad, ya que integrantes del Congreso podr\u00edan tratar de boicotear esta propuesta democr\u00e1tica y a favor de la igualdad de g\u00e9nero.&nbsp;<\/p>\n\n\n\n<p>Despu\u00e9s se tomaron de las manos, y levantaron los brazos en se\u00f1al de: \u201cinocente palomita que te dejaste enga\u00f1ar, sabiendo que hoy, D\u00eda de los Inocentes, en nadie debes confiar\u201d.<\/p>\n","protected":false},"excerpt":{"rendered":"<p>Tras varias sesiones de discusiones al interior del Partido Revolucionario Institucional (PRI), la madrugada de hoy, por fin se acord\u00f3 que Carolina Viggiano Austria e Israel F\u00e9lix Soto ir\u00e1n en unidad con un gobierno compartido, en el que tres a\u00f1os gobierne \u201cCaro\u201d y los otros tres \u201cIsra\u201d, a fin de que se haga historia en [&hellip;]<\/p>\n","protected":false},"author":72,"featured_media":196985,"comment_status":"closed","ping_status":"closed","sticky":false,"template":"","format":"standard","meta":{"footnotes":""},"categories":[59],"tags":[],"class_list":["post-196984","post","type-post","status-publish","format-standard","has-post-thumbnail","hentry","category-general"],"_links":{"self":[{"href":"https:\/\/plazajuarez.mx\/historico\/wp-json\/wp\/v2\/posts\/196984","targetHints":{"allow":["GET"]}}],"collection":[{"href":"https:\/\/plazajuarez.mx\/historico\/wp-json\/wp\/v2\/posts"}],"about":[{"href":"https:\/\/plazajuarez.mx\/historico\/wp-json\/wp\/v2\/types\/post"}],"author":[{"embeddable":true,"href":"https:\/\/plazajuarez.mx\/historico\/wp-json\/wp\/v2\/users\/72"}],"replies":[{"embeddable":true,"href":"https:\/\/plazajuarez.mx\/historico\/wp-json\/wp\/v2\/comments?post=196984"}],"version-history":[{"count":0,"href":"https:\/\/plazajuarez.mx\/historico\/wp-json\/wp\/v2\/posts\/196984\/revisions"}],"wp:featuredmedia":[{"embeddable":true,"href":"https:\/\/plazajuarez.mx\/historico\/wp-json\/wp\/v2\/media\/196985"}],"wp:attachment":[{"href":"https:\/\/plazajuarez.mx\/historico\/wp-json\/wp\/v2\/media?parent=196984"}],"wp:term":[{"taxonomy":"category","embeddable":true,"href":"https:\/\/plazajuarez.mx\/historico\/wp-json\/wp\/v2\/categories?post=196984"},{"taxonomy":"post_tag","embeddable":true,"href":"https:\/\/plazajuarez.mx\/historico\/wp-json\/wp\/v2\/tags?post=196984"}],"curies":[{"name":"wp","href":"https:\/\/api.w.org\/{rel}","templated":true}]}}