{"id":19694,"date":"2016-04-12T13:27:27","date_gmt":"2016-04-12T13:27:27","guid":{"rendered":"http:\/\/plazajuarez.mx\/index\/index.php\/2016\/04\/12\/denuncian-falta-de-equipamiento-y-medicamento-en-salud\/"},"modified":"2016-04-12T13:27:27","modified_gmt":"2016-04-12T13:27:27","slug":"denuncian-falta-de-equipamiento-y-medicamento-en-salud","status":"publish","type":"post","link":"https:\/\/plazajuarez.mx\/historico\/denuncian-falta-de-equipamiento-y-medicamento-en-salud\/","title":{"rendered":"Denuncian falta de equipamiento y medicamento en salud"},"content":{"rendered":"<p>CANDIDATOS A DIPUTADOS DE MC<\/p>\n<p>Los candidatos aseguraron que la situaci\u00f3n es preocupante y por ello ser\u00e1 tema principal en sus acciones legislativas, si el voto de los electores les favorece<\/p>\n<p>  <!--more-->  <\/p>\n<p>\u00a0<\/p>\n<p>Candidatos a diputados locales por los distritos de Apan, Tulancingo y Metepec del partido Movimiento Ciudadano (MC), denunciaron falta de equipamiento y medicina en el sector salud, situaci\u00f3n que aseguraron es preocupante y por ello ser\u00e1 tema principal en sus acciones legislativas, si el voto de los electores les favorece.<\/p>\n<p>Al respecto, Rafael Garnica Alonso, aspirante a legislador por el distrito X con cabecera en Apan, inform\u00f3 que estas quejas han sido recogidas de viva voz de los usuarios del sector salud, en sus recorridos de campa\u00f1a.<\/p>\n<p>Asegur\u00f3 \u201ces preocupante que toda la infraestructura no ha servido para darle atenci\u00f3n a la poblaci\u00f3n del estado, en el caminar vemos quejas de hospitales, falta de equipamiento y medicamento\u201d.<\/p>\n<p>Puntualiz\u00f3 que en el caso espec\u00edfico del Hospital Regional del Altiplano el 90 por ciento de las quejas refieren a falta de equipamiento, en tanto que el actuar del patronato del nosocomio es irregular.<\/p>\n<p>Por su parte, Dami\u00e1n Sosa Castel\u00e1n, candidato a diputado local por el Distrito XI con cabecera en Tulancingo, enfatiz\u00f3 que es una \u201cvacilada\u201d que el Hospital Regional de la ciudad de las antenas, sirva en cada proceso electoral como un acto de proselitismo.<\/p>\n<p>En tanto Miguel \u00c1ngel de la Fuente, aspirante a la LXIII legislatura por el distrito IX con cabecera en\u00a0 Metepec, puntualiz\u00f3 que la poblaci\u00f3n est\u00e1 en una situaci\u00f3n de pobreza extrema, y en ese sentido se debe realizar una revisi\u00f3n exhaustiva del sector salud para que todos los hidalguenses tengan acceso a este servicio.<\/p>\n","protected":false},"excerpt":{"rendered":"<p>CANDIDATOS A DIPUTADOS DE MC Los candidatos aseguraron que la situaci\u00f3n es preocupante y por ello ser\u00e1 tema principal en sus acciones legislativas, si el voto de los electores les favorece<\/p>\n","protected":false},"author":93,"featured_media":0,"comment_status":"open","ping_status":"open","sticky":false,"template":"","format":"standard","meta":{"footnotes":""},"categories":[59],"tags":[],"class_list":["post-19694","post","type-post","status-publish","format-standard","hentry","category-general"],"_links":{"self":[{"href":"https:\/\/plazajuarez.mx\/historico\/wp-json\/wp\/v2\/posts\/19694","targetHints":{"allow":["GET"]}}],"collection":[{"href":"https:\/\/plazajuarez.mx\/historico\/wp-json\/wp\/v2\/posts"}],"about":[{"href":"https:\/\/plazajuarez.mx\/historico\/wp-json\/wp\/v2\/types\/post"}],"author":[{"embeddable":true,"href":"https:\/\/plazajuarez.mx\/historico\/wp-json\/wp\/v2\/users\/93"}],"replies":[{"embeddable":true,"href":"https:\/\/plazajuarez.mx\/historico\/wp-json\/wp\/v2\/comments?post=19694"}],"version-history":[{"count":0,"href":"https:\/\/plazajuarez.mx\/historico\/wp-json\/wp\/v2\/posts\/19694\/revisions"}],"wp:attachment":[{"href":"https:\/\/plazajuarez.mx\/historico\/wp-json\/wp\/v2\/media?parent=19694"}],"wp:term":[{"taxonomy":"category","embeddable":true,"href":"https:\/\/plazajuarez.mx\/historico\/wp-json\/wp\/v2\/categories?post=19694"},{"taxonomy":"post_tag","embeddable":true,"href":"https:\/\/plazajuarez.mx\/historico\/wp-json\/wp\/v2\/tags?post=19694"}],"curies":[{"name":"wp","href":"https:\/\/api.w.org\/{rel}","templated":true}]}}