{"id":19693,"date":"2016-04-12T13:27:19","date_gmt":"2016-04-12T13:27:19","guid":{"rendered":"http:\/\/plazajuarez.mx\/index\/index.php\/2016\/04\/12\/exigiran-la-restitucion-de-las-rutas-del-transporte-publico-convencional\/"},"modified":"2016-04-12T13:27:19","modified_gmt":"2016-04-12T13:27:19","slug":"exigiran-la-restitucion-de-las-rutas-del-transporte-publico-convencional","status":"publish","type":"post","link":"https:\/\/plazajuarez.mx\/historico\/exigiran-la-restitucion-de-las-rutas-del-transporte-publico-convencional\/","title":{"rendered":"Exigir\u00e1n la restituci\u00f3n de las rutas del transporte p\u00fablico convencional"},"content":{"rendered":"<p>PRD<\/p>\n<p>C\u00e9sar Lemus Arias conden\u00f3 los actos que calific\u00f3 como de \u201crepresi\u00f3n\u201d, que se han cometido en contra de la gente que ha manifestar su descontento<\/p>\n<p>  <!--more-->  <\/p>\n<p>\u00a0<\/p>\n<p>En conferencia de prensa, el secretario general de Movimientos Sociales del Partido de la Revoluci\u00f3n Democr\u00e1tica (PRD), C\u00e9sar Lemus Arias inform\u00f3 que por acuerdo el Comit\u00e9 Ejecutivo Estatal iniciar\u00e1n hoy una serie de acciones que tendr\u00e1n como \u00fanico fin, exigir la restituci\u00f3n de las rutas del transporte p\u00fablico convencional.<\/p>\n<p>\u00a0<\/p>\n<p>Lo anterior luego de se\u00f1alar que la desaparici\u00f3n de estas \u201cobedece a la decisi\u00f3n del gobierno de imponer a rajatabla, el uso del transporte Tuzob\u00fas\u201d, por lo que el perredista asegur\u00f3 \u201cnos sumamos a las protestas de la ciudadan\u00eda, de todos los pachuque\u00f1os y personas que se ven obligados a usar este transporte, es inadmisible la actitud que ha tomado el gobierno de Hidalgo ante la problem\u00e1tica de movilidad urbana\u201d.<\/p>\n<p>\u00a0<\/p>\n<p>De igual forma, se\u00f1al\u00f3 que en la presentaci\u00f3n del proyecto se hicieron varias promesas mismas que asegur\u00f3, hasta el momento no se han cumplido, \u201ctenemos gente afectada de todas las colonias tanto de Pachuca como de la zona sur en el municipio de Mineral de la Reforma, por poner un ejemplo en Villas de Pachuca, Tuzos, Forjadores y Tulipanes, se ten\u00edan rutas que con un solo viaje llevaban a los pasajeros a su destino y ahora la gente tiene que transbordar lo que implica m\u00e1s tiempo y mayor costo\u201d.<\/p>\n<p>\u00a0<\/p>\n<p>Por otra parte, condenaron los actos que calificaron como de \u201crepresi\u00f3n\u201d, que se han cometido en contra de la gente que ha salido a manifestar su descontento con el transporte Tuzob\u00fas, e hicieron el llamado\u00a0 al gobierno estatal, para que \u201cdeje a un lado las t\u00e1cticas represivas contra las manifestaciones de inconformidad de la ciudadan\u00eda\u201d.<\/p>\n<p>\u00a0<\/p>\n<p>Y de la misma forma anunciaron que comenzar\u00e1n a realizar plantones en la Plaza Ju\u00e1rez hasta obtener una respuesta que resuelva definitivamente la problem\u00e1tica y se d\u00e9 una real movilidad a la poblaci\u00f3n, ya que este era uno de los prop\u00f3sitos para crear dicho sistema de transporte, que calificaron como \u201cfallido\u201d.<\/p>\n<p>\u00a0<\/p>\n<p>Finalmente, tras ser cuestionado, Lemus Arias apunt\u00f3 que el pronunciamiento no tiene como objetivo convertirse en una bandera electoral y que tampoco tienen vigencia, \u201clas acciones a realizarse son en completo apoyo a la ciudadan\u00eda, son para buscar respuestas claras y si no hay respuesta ni soluci\u00f3n, el reclamo continuar\u00e1 incluso despu\u00e9s de que concluya el proceso electoral\u201d, dijo.<\/p>\n","protected":false},"excerpt":{"rendered":"<p>PRD C\u00e9sar Lemus Arias conden\u00f3 los actos que calific\u00f3 como de \u201crepresi\u00f3n\u201d, que se han cometido en contra de la gente que ha manifestar su descontento<\/p>\n","protected":false},"author":93,"featured_media":0,"comment_status":"open","ping_status":"open","sticky":false,"template":"","format":"standard","meta":{"footnotes":""},"categories":[59],"tags":[],"class_list":["post-19693","post","type-post","status-publish","format-standard","hentry","category-general"],"_links":{"self":[{"href":"https:\/\/plazajuarez.mx\/historico\/wp-json\/wp\/v2\/posts\/19693","targetHints":{"allow":["GET"]}}],"collection":[{"href":"https:\/\/plazajuarez.mx\/historico\/wp-json\/wp\/v2\/posts"}],"about":[{"href":"https:\/\/plazajuarez.mx\/historico\/wp-json\/wp\/v2\/types\/post"}],"author":[{"embeddable":true,"href":"https:\/\/plazajuarez.mx\/historico\/wp-json\/wp\/v2\/users\/93"}],"replies":[{"embeddable":true,"href":"https:\/\/plazajuarez.mx\/historico\/wp-json\/wp\/v2\/comments?post=19693"}],"version-history":[{"count":0,"href":"https:\/\/plazajuarez.mx\/historico\/wp-json\/wp\/v2\/posts\/19693\/revisions"}],"wp:attachment":[{"href":"https:\/\/plazajuarez.mx\/historico\/wp-json\/wp\/v2\/media?parent=19693"}],"wp:term":[{"taxonomy":"category","embeddable":true,"href":"https:\/\/plazajuarez.mx\/historico\/wp-json\/wp\/v2\/categories?post=19693"},{"taxonomy":"post_tag","embeddable":true,"href":"https:\/\/plazajuarez.mx\/historico\/wp-json\/wp\/v2\/tags?post=19693"}],"curies":[{"name":"wp","href":"https:\/\/api.w.org\/{rel}","templated":true}]}}