{"id":196900,"date":"2021-12-27T13:21:53","date_gmt":"2021-12-27T19:21:53","guid":{"rendered":"https:\/\/plazajuarez.mx\/?p=196900"},"modified":"2021-12-27T13:22:06","modified_gmt":"2021-12-27T19:22:06","slug":"sheinbaum_anuncia","status":"publish","type":"post","link":"https:\/\/plazajuarez.mx\/historico\/sheinbaum_anuncia\/","title":{"rendered":"Sheinbaum anuncia 80 mil c\u00e1maras de videovigilancia para CDMX"},"content":{"rendered":"\n<p>En conferencia de prensa, luego de instalar el Gabinete de Seguridad y la Mesa de Construcci\u00f3n de Paz en la alcald\u00eda Tlalpan, la mandataria capitalina expuso que en 2018 hab\u00eda cerca de 15 mil c\u00e1maras.<\/p>\n\n\n\n<p>&#8220;Vamos a terminar el 2022 con cerca de 80 mil; eso es muy importante, no solo por la videovigilancia en tiempo real, sino para todo el soporte de las carpetas de investigaci\u00f3n y del seguimiento de los delitos lo cual ha permitido la disminuci\u00f3n de los delitos de alto impacto en la Ciudad&#8221;, destac\u00f3.<\/p>\n\n\n\n<p>El Gobierno capitalino detall\u00f3 que las c\u00e1maras est\u00e1n distribuidas de la siguiente manera: 40 mil del C5 y 28 mil m\u00e1s del proyecto Mi calle.<\/p>\n\n\n\n<p>Sheinbaum inform\u00f3 que con una inversi\u00f3n cercana a los mil 500 millones de pesos, &#8220;se pasar\u00e1 de 14 mil c\u00e1maras que exist\u00edan en 2018 a 80 mil que habr\u00e1 en 2022&#8221;.<\/p>\n\n\n\n<p>Refiri\u00f3 que adem\u00e1s se incrementar\u00e1n los botones de auxilio en las alcald\u00edas de la Ciudad de M\u00e9xico.<\/p>\n\n\n\n<p>Sheinbaum anunci\u00f3 que para el pr\u00f3ximo a\u00f1o se contar\u00e1 con un cuartel m\u00e1s de la Guardia Nacional en la alcald\u00eda Tlalpan, adicional al que opera en Topilejo y el que est\u00e1 pr\u00f3ximo a inaugurarse en la zona boscosa de Parres el Guarda.<\/p>\n\n\n\n<p>&#8220;Estamos buscando la posibilidad de que haya un cuartel m\u00e1s, que nos ayudar\u00eda a dar vigilancia en Tlalpan ya con el Estado de M\u00e9xico, en la zona hacia Santo Tomas Ajusco&#8221;, indic\u00f3.<\/p>\n\n\n\n<p>Al resaltar que habita en la Alcald\u00eda Tlalpan desde hace 30 a\u00f1os, Claudia Sheinbaum anunci\u00f3 que en enero pr\u00f3ximo ser\u00e1 inaugurado el segundo cuartel de la Guardia Nacional en la demarcaci\u00f3n, ubicado en la zona boscosa de Parres el Guarda, que es importante pues colinda con el Estado de Morelos.<\/p>\n\n\n\n<p>Adem\u00e1s dijo que Tlalpan ya cuenta con cinco coordinaciones territoriales para ayudar a la alcald\u00eda en materia de combate al delito.<\/p>\n","protected":false},"excerpt":{"rendered":"<p>En conferencia de prensa, luego de instalar el Gabinete de Seguridad y la Mesa de Construcci\u00f3n de Paz en la alcald\u00eda Tlalpan, la mandataria capitalina expuso que en 2018 hab\u00eda cerca de 15 mil c\u00e1maras. &#8220;Vamos a terminar el 2022 con cerca de 80 mil; eso es muy importante, no solo por la videovigilancia en [&hellip;]<\/p>\n","protected":false},"author":81,"featured_media":190134,"comment_status":"closed","ping_status":"closed","sticky":false,"template":"","format":"standard","meta":{"footnotes":""},"categories":[2160],"tags":[],"class_list":["post-196900","post","type-post","status-publish","format-standard","has-post-thumbnail","hentry","category-noticias-de-la-ciudad-de-mexico"],"_links":{"self":[{"href":"https:\/\/plazajuarez.mx\/historico\/wp-json\/wp\/v2\/posts\/196900","targetHints":{"allow":["GET"]}}],"collection":[{"href":"https:\/\/plazajuarez.mx\/historico\/wp-json\/wp\/v2\/posts"}],"about":[{"href":"https:\/\/plazajuarez.mx\/historico\/wp-json\/wp\/v2\/types\/post"}],"author":[{"embeddable":true,"href":"https:\/\/plazajuarez.mx\/historico\/wp-json\/wp\/v2\/users\/81"}],"replies":[{"embeddable":true,"href":"https:\/\/plazajuarez.mx\/historico\/wp-json\/wp\/v2\/comments?post=196900"}],"version-history":[{"count":0,"href":"https:\/\/plazajuarez.mx\/historico\/wp-json\/wp\/v2\/posts\/196900\/revisions"}],"wp:featuredmedia":[{"embeddable":true,"href":"https:\/\/plazajuarez.mx\/historico\/wp-json\/wp\/v2\/media\/190134"}],"wp:attachment":[{"href":"https:\/\/plazajuarez.mx\/historico\/wp-json\/wp\/v2\/media?parent=196900"}],"wp:term":[{"taxonomy":"category","embeddable":true,"href":"https:\/\/plazajuarez.mx\/historico\/wp-json\/wp\/v2\/categories?post=196900"},{"taxonomy":"post_tag","embeddable":true,"href":"https:\/\/plazajuarez.mx\/historico\/wp-json\/wp\/v2\/tags?post=196900"}],"curies":[{"name":"wp","href":"https:\/\/api.w.org\/{rel}","templated":true}]}}