{"id":1969,"date":"2015-03-09T06:00:00","date_gmt":"2015-03-09T06:00:00","guid":{"rendered":"http:\/\/plazajuarez.mx\/index\/index.php\/2015\/03\/09\/atrapan-al-autor-material-del-homicidio-de-un-ex-diputado\/"},"modified":"2015-03-09T06:00:00","modified_gmt":"2015-03-09T06:00:00","slug":"atrapan-al-autor-material-del-homicidio-de-un-ex-diputado","status":"publish","type":"post","link":"https:\/\/plazajuarez.mx\/historico\/atrapan-al-autor-material-del-homicidio-de-un-ex-diputado\/","title":{"rendered":"Atrapan al autor material del homicidio de un ex diputado"},"content":{"rendered":"<p style=\"text-align: justify;\"><span style=\"font-size: 10pt; color: #000000;\">LO BALACEARON EN EL MUNICIPIO DE HUEJUTLA DE REYES<\/span><\/p>\n<p style=\"text-align: justify;\"><span style=\"font-size: 10pt; color: #000000;\">Como resultado de un intenso operativo de seguimiento e inteligencia, la Secretar\u00eda de Seguridad P\u00fablica del estado (SSPH), al mando del capit\u00e1n Alfredo Ahedo, detuvo al presunto autor material del homicidio del ex diputado Jorge Andr\u00e9s Hern\u00e1ndez Ram\u00edrez en el municipio de Huejutla, ocurrido el pasado 13 de julio de 2014.<\/span><\/p>\n<p>  <!--more-->  <\/p>\n<p style=\"text-align: justify;\"><span style=\"font-size: 10pt; color: #000000;\">Asimismo, las indagatorias llevadas a cabo por el \u201cGrupo Huejutla\u201d de la Coordinaci\u00f3n de Investigaci\u00f3n en Prevenci\u00f3n del Delito, llevaron a la confesi\u00f3n de otro probable participante del homicidio, Manuel \u201cR\u201d, quien desde septiembre de 2014 se encuentra recluido por los delitos de asalto y robo agravado en el Cereso de Jaltoc\u00e1n.<\/span><\/p>\n<p style=\"text-align: justify;\"><span style=\"font-size: 10pt; color: #000000;\">El operativo, llev\u00f3 a la detenci\u00f3n de Ra\u00fal \u201cA\u201d quien dijo ser oriundo del municipio de Tempoal, estado de Veracruz y nacido en el a\u00f1o 1988.<\/span><\/p>\n<p style=\"text-align: justify;\"><span style=\"font-size: 10pt; color: #000000;\">La detenci\u00f3n ocurri\u00f3 luego de que la coordinaci\u00f3n recab\u00f3 testimonios de personas que escucharon las detonaciones y que pudieron ofrecer una descripci\u00f3n del presunto homicida cuando sal\u00eda del lugar de los hechos.<\/span><\/p>\n<p style=\"text-align: justify;\"><span style=\"font-size: 10pt; color: #000000;\">El detenido fue puesto a disposici\u00f3n de las autoridades correspondientes para los efectos de ley que haya lugar.<\/span><\/p>\n","protected":false},"excerpt":{"rendered":"<p>LO BALACEARON EN EL MUNICIPIO DE HUEJUTLA DE REYES Como resultado de un intenso operativo de seguimiento e inteligencia, la Secretar\u00eda de Seguridad P\u00fablica del estado (SSPH), al mando del capit\u00e1n Alfredo Ahedo, detuvo al presunto autor material del homicidio del ex diputado Jorge Andr\u00e9s Hern\u00e1ndez Ram\u00edrez en el municipio de Huejutla, ocurrido el pasado [&hellip;]<\/p>\n","protected":false},"author":93,"featured_media":0,"comment_status":"open","ping_status":"open","sticky":false,"template":"","format":"standard","meta":{"footnotes":""},"categories":[37],"tags":[],"class_list":["post-1969","post","type-post","status-publish","format-standard","hentry","category-barandilla"],"_links":{"self":[{"href":"https:\/\/plazajuarez.mx\/historico\/wp-json\/wp\/v2\/posts\/1969","targetHints":{"allow":["GET"]}}],"collection":[{"href":"https:\/\/plazajuarez.mx\/historico\/wp-json\/wp\/v2\/posts"}],"about":[{"href":"https:\/\/plazajuarez.mx\/historico\/wp-json\/wp\/v2\/types\/post"}],"author":[{"embeddable":true,"href":"https:\/\/plazajuarez.mx\/historico\/wp-json\/wp\/v2\/users\/93"}],"replies":[{"embeddable":true,"href":"https:\/\/plazajuarez.mx\/historico\/wp-json\/wp\/v2\/comments?post=1969"}],"version-history":[{"count":0,"href":"https:\/\/plazajuarez.mx\/historico\/wp-json\/wp\/v2\/posts\/1969\/revisions"}],"wp:attachment":[{"href":"https:\/\/plazajuarez.mx\/historico\/wp-json\/wp\/v2\/media?parent=1969"}],"wp:term":[{"taxonomy":"category","embeddable":true,"href":"https:\/\/plazajuarez.mx\/historico\/wp-json\/wp\/v2\/categories?post=1969"},{"taxonomy":"post_tag","embeddable":true,"href":"https:\/\/plazajuarez.mx\/historico\/wp-json\/wp\/v2\/tags?post=1969"}],"curies":[{"name":"wp","href":"https:\/\/api.w.org\/{rel}","templated":true}]}}