{"id":196895,"date":"2021-12-27T12:29:09","date_gmt":"2021-12-27T18:29:09","guid":{"rendered":"https:\/\/plazajuarez.mx\/?p=196895"},"modified":"2021-12-27T12:29:20","modified_gmt":"2021-12-27T18:29:20","slug":"depositan-las-cenizas-de-carmen-salinas","status":"publish","type":"post","link":"https:\/\/plazajuarez.mx\/historico\/depositan-las-cenizas-de-carmen-salinas\/","title":{"rendered":"Depositan las cenizas de Carmen Salinas"},"content":{"rendered":"\n<p>(EL UNIVERSAL) Las cenizas de Carmen Salinas fueron depositadas en la cripta familiar, Lozano Viramontes, en el Pante\u00f3n Espa\u00f1ol de la Ciudad de M\u00e9xico, donde descansan con su hijo, Pedro Plascencia.<\/p>\n\n\n\n<p>&#8220;Carmelita gracias a Dios fue asistida espiritualmente, fuimos a darle la unci\u00f3n de los enfermos, se da tambi\u00e9n la absoluci\u00f3n, porque est\u00e1 all\u00ed presente su alma, mientras est\u00e9 el ser humano con vida todav\u00eda puede recibir los sagrados sacramentos, ella recibi\u00f3 los sacramentos&#8221;, dijo el padre durante la misa previa al dep\u00f3sito de las mismas<\/p>\n\n\n\n<p>Carmen Salinas muri\u00f3 el pasado 9 de diciembre, luego de estar en estado de coma desde el 9 de noviembre a causa de una hemorragia cerebral.<\/p>\n\n\n\n<p>Los d\u00edas previos a su traslado a la cripta familiar, las cenizas de Carmen descansaron en su casa, pero ahora, ya se encuentra en el mismo lugar que su hijo.<\/p>\n\n\n\n<p>A trav\u00e9s de una transmisi\u00f3n de Youtube, la familia comparti\u00f3 la ceremonia a la que acudi\u00f3 un grupo reducido de asistentes.<\/p>\n\n\n\n<p>En los comentarios el p\u00fablico seguidor del trabajo de la tambi\u00e9n pol\u00edtica, le dese\u00f3 a Carmen el descanso eterno y pronta resignaci\u00f3n a su familia.<\/p>\n","protected":false},"excerpt":{"rendered":"<p>(EL UNIVERSAL) Las cenizas de Carmen Salinas fueron depositadas en la cripta familiar, Lozano Viramontes, en el Pante\u00f3n Espa\u00f1ol de la Ciudad de M\u00e9xico, donde descansan con su hijo, Pedro Plascencia. &#8220;Carmelita gracias a Dios fue asistida espiritualmente, fuimos a darle la unci\u00f3n de los enfermos, se da tambi\u00e9n la absoluci\u00f3n, porque est\u00e1 all\u00ed presente [&hellip;]<\/p>\n","protected":false},"author":81,"featured_media":190608,"comment_status":"closed","ping_status":"closed","sticky":false,"template":"","format":"standard","meta":{"footnotes":""},"categories":[38],"tags":[],"class_list":["post-196895","post","type-post","status-publish","format-standard","has-post-thumbnail","hentry","category-show"],"_links":{"self":[{"href":"https:\/\/plazajuarez.mx\/historico\/wp-json\/wp\/v2\/posts\/196895","targetHints":{"allow":["GET"]}}],"collection":[{"href":"https:\/\/plazajuarez.mx\/historico\/wp-json\/wp\/v2\/posts"}],"about":[{"href":"https:\/\/plazajuarez.mx\/historico\/wp-json\/wp\/v2\/types\/post"}],"author":[{"embeddable":true,"href":"https:\/\/plazajuarez.mx\/historico\/wp-json\/wp\/v2\/users\/81"}],"replies":[{"embeddable":true,"href":"https:\/\/plazajuarez.mx\/historico\/wp-json\/wp\/v2\/comments?post=196895"}],"version-history":[{"count":0,"href":"https:\/\/plazajuarez.mx\/historico\/wp-json\/wp\/v2\/posts\/196895\/revisions"}],"wp:featuredmedia":[{"embeddable":true,"href":"https:\/\/plazajuarez.mx\/historico\/wp-json\/wp\/v2\/media\/190608"}],"wp:attachment":[{"href":"https:\/\/plazajuarez.mx\/historico\/wp-json\/wp\/v2\/media?parent=196895"}],"wp:term":[{"taxonomy":"category","embeddable":true,"href":"https:\/\/plazajuarez.mx\/historico\/wp-json\/wp\/v2\/categories?post=196895"},{"taxonomy":"post_tag","embeddable":true,"href":"https:\/\/plazajuarez.mx\/historico\/wp-json\/wp\/v2\/tags?post=196895"}],"curies":[{"name":"wp","href":"https:\/\/api.w.org\/{rel}","templated":true}]}}