{"id":196892,"date":"2021-12-27T12:27:50","date_gmt":"2021-12-27T18:27:50","guid":{"rendered":"https:\/\/plazajuarez.mx\/?p=196892"},"modified":"2021-12-27T12:28:00","modified_gmt":"2021-12-27T18:28:00","slug":"mexico-termina-el-ano-con-una-fuerte-recuperacion-del-turismo","status":"publish","type":"post","link":"https:\/\/plazajuarez.mx\/historico\/mexico-termina-el-ano-con-una-fuerte-recuperacion-del-turismo\/","title":{"rendered":"M\u00e9xico termina el a\u00f1o con una fuerte recuperaci\u00f3n del turismo"},"content":{"rendered":"\n<p>(EFE) El sector tur\u00edstico de M\u00e9xico termina el a\u00f1o con una fuerte recuperaci\u00f3n en comparaci\u00f3n con las cifras prepandemia de 2019 y con un alto \u00edndice de ocupaci\u00f3n a pesar de las cancelaciones de vuelos en Estados Unidos y Europa por la nueva variante \u00f3micron del coronavirus.<\/p>\n\n\n\n<p>El Caribe mexicano, con Canc\u00fan como principal atractivo, espera terminar 2021 con 12,5 millones de turistas, lo que representa una recuperaci\u00f3n del 83 % comparado con las cifras alcanzadas en 2019.<\/p>\n\n\n\n<p>Andr\u00e9s Aguilar, encargado de despacho de la Secretar\u00eda de Turismo de Quintana Roo, dijo a Efe que durante la presente temporada invernal, considerada hist\u00f3ricamente como una de las mejores para el Caribe mexicano, se esperan niveles de ocupaci\u00f3n del 80 % y 90 %, con d\u00edas que superan las 600 operaciones a\u00e9reas en el aeropuerto de Canc\u00fan.<\/p>\n\n\n\n<p>&#8220;Esperamos una temporada de invierno bastante positiva para el destino, del 18 de diciembre al 2 de enero prevemos el arribo de 1,3 millones de visitantes&#8221;, inform\u00f3.<\/p>\n\n\n\n<p>&#8220;Para el pr\u00f3ximo a\u00f1o, si mantenemos las mismas tendencias en cuanto a la contingencia, los niveles de certificaci\u00f3n en protecci\u00f3n y prevenci\u00f3n sanitaria, y los esquemas de vacunaci\u00f3n en poblaci\u00f3n local, no solamente se va a restablecer la actividad respecto a lo que tuvimos en 2019, que fueron un poco m\u00e1s de 16 millones de turistas, sino que, adem\u00e1s, se espera un ligero aumento&#8221;, agreg\u00f3.<\/p>\n\n\n\n<p>Para enero hay ya reservados m\u00e1s de 1,6 millones de asientos de avi\u00f3n y una cantidad similar para los meses de febrero y marzo, lo que atestigua el optimismo para el primer trimestre de 2022.<\/p>\n\n\n\n<p>OPTIMISMO DE HOTELES<\/p>\n\n\n\n<p>En la Riviera Maya, donde hay m\u00e1s de 43.000 habitaciones de hotel, los primeros quince d\u00edas de diciembre se alcanz\u00f3 una ocupaci\u00f3n promedio del 80 % y se espera que para el cierre de 2021 supere el 85 %.<\/p>\n\n\n\n<p>Estas cifras, seg\u00fan destaca Toni Chaves, presidente de la Asociaci\u00f3n de Hoteles de la Riviera Maya, representan una recuperaci\u00f3n del 95 % comparado con 2019, ya que el a\u00f1o pasado el cierre de fronteras y las restricciones impuestas por la pandemia de coronavirus apenas permitieron un 30 % de ocupaci\u00f3n.<\/p>\n\n\n\n<p>&#8220;El Caribe mexicano se ha beneficiado de la estrategia del Gobierno de M\u00e9xico de aplicar medidas sanitarias y mantener las puertas abiertas en contraste con otros destinos. Tambi\u00e9n se muestra la confianza que la marca Canc\u00fan\/M\u00e9xico se ha ganado con los a\u00f1os&#8221;, asegur\u00f3 Javier Monje, director de ventas de la cadena RIU en el Caribe Mexicano<\/p>\n\n\n\n<p>&#8220;En nuestro caso vemos claramente reflejadas estas cifras en las ocupaciones de nuestros hoteles, con altos porcentajes dentro de lo establecido por el sem\u00e1foro epidemiol\u00f3gico&#8221;, agreg\u00f3.<\/p>\n\n\n\n<p>&#8220;Despu\u00e9s de lo dif\u00edcil que fue arrancar en 2020 y lo bien que ha respondido el turismo ante el avance de la pandemia, Canc\u00fan se sit\u00faa como una de las ciudades m\u00e1s visitadas tras la pandemia, como resultado de la colaboraci\u00f3n p\u00fablico-privada&#8221;, indic\u00f3 Javier Monje.<\/p>\n\n\n\n<p>Para Jes\u00fas Almaguer Salazar, director comercial de la cadena espa\u00f1ola Oasis Hoteles &amp; Resorts para la zona del Caribe, en Canc\u00fan y la Riviera Maya el pr\u00f3ximo a\u00f1o se espera un incremento importante en la llegada de turistas.<\/p>\n\n\n\n<p>Almaguer Salazar sostuvo que los buenos resultados obtenidos hasta el momento y las proyecciones favorables para 2022, se deben a que como destino se logr\u00f3 generar confianza entre los visitantes por el manejo de la pandemia.<\/p>\n\n\n\n<p>&#8220;Hemos captado la mayor parte del turismo norteamericano que ha viajado a la regi\u00f3n al Caribe, de Suram\u00e9rica los mercados importantes como Brasil, Colombia, Chile e incluso Argentina. Si hacemos las cosas bien, tenemos garantizado una muy buena temporada&#8221;, dijo a Efe.<\/p>\n\n\n\n<p>Por su parte, Roberto Cintr\u00f3n, presidente de la Asociaci\u00f3n de Hoteles de Canc\u00fan, Puerto Morelos e Isla Mujeres, destac\u00f3 la necesidad de reforzar no s\u00f3lo las estrategias de promoci\u00f3n y publicidad, sino tambi\u00e9n lograr que la experiencia de los turistas les haga querer regresar no una sino varias veces.<\/p>\n\n\n\n<p>&#8220;Tenemos ya una previsi\u00f3n de cerca del 75 % de reservas en vuelos para los primeros meses de 2022 que son meses que hist\u00f3ricamente el viajero viene por el fr\u00edo en sus lugares de origen&#8221;, agreg\u00f3.<\/p>\n\n\n\n<p>Sin embargo, Roberto Cintr\u00f3n advirti\u00f3 sobre el &#8220;riesgo de perder&#8221; parte de los turistas captados una vez que se reactiven otros destinos.<\/p>\n\n\n\n<p>&#8220;Tenemos turismo prestado, esa es la realidad, porque no ha abierto en su totalidad Europa, porque se prefiere venir a un lugar a dos o tres horas de vuelo contra 6 o 9 horas de vuelo hacia Europa o hacia el centro de Suram\u00e9rica donde la situaci\u00f3n de seguridad no contribuye mucho y se prefiere venir a M\u00e9xico&#8221;, reconoci\u00f3.<\/p>\n\n\n\n<p>&#8220;Tenemos que lograr que esos turistas regresen al menos dos o tres veces m\u00e1s al Caribe mexicano ante la futura publicidad de pa\u00edses como Jamaica, Rep\u00fablica Dominicana, Cuba y otros europeos que necesitan del gran mercado que es EE.UU. y Canad\u00e1&#8221;, se\u00f1al\u00f3.<\/p>\n","protected":false},"excerpt":{"rendered":"<p>(EFE) El sector tur\u00edstico de M\u00e9xico termina el a\u00f1o con una fuerte recuperaci\u00f3n en comparaci\u00f3n con las cifras prepandemia de 2019 y con un alto \u00edndice de ocupaci\u00f3n a pesar de las cancelaciones de vuelos en Estados Unidos y Europa por la nueva variante \u00f3micron del coronavirus. El Caribe mexicano, con Canc\u00fan como principal atractivo, [&hellip;]<\/p>\n","protected":false},"author":80,"featured_media":196893,"comment_status":"closed","ping_status":"closed","sticky":false,"template":"","format":"standard","meta":{"footnotes":""},"categories":[15,36],"tags":[],"class_list":["post-196892","post","type-post","status-publish","format-standard","has-post-thumbnail","hentry","category-destacadas","category-nacion"],"_links":{"self":[{"href":"https:\/\/plazajuarez.mx\/historico\/wp-json\/wp\/v2\/posts\/196892","targetHints":{"allow":["GET"]}}],"collection":[{"href":"https:\/\/plazajuarez.mx\/historico\/wp-json\/wp\/v2\/posts"}],"about":[{"href":"https:\/\/plazajuarez.mx\/historico\/wp-json\/wp\/v2\/types\/post"}],"author":[{"embeddable":true,"href":"https:\/\/plazajuarez.mx\/historico\/wp-json\/wp\/v2\/users\/80"}],"replies":[{"embeddable":true,"href":"https:\/\/plazajuarez.mx\/historico\/wp-json\/wp\/v2\/comments?post=196892"}],"version-history":[{"count":0,"href":"https:\/\/plazajuarez.mx\/historico\/wp-json\/wp\/v2\/posts\/196892\/revisions"}],"wp:featuredmedia":[{"embeddable":true,"href":"https:\/\/plazajuarez.mx\/historico\/wp-json\/wp\/v2\/media\/196893"}],"wp:attachment":[{"href":"https:\/\/plazajuarez.mx\/historico\/wp-json\/wp\/v2\/media?parent=196892"}],"wp:term":[{"taxonomy":"category","embeddable":true,"href":"https:\/\/plazajuarez.mx\/historico\/wp-json\/wp\/v2\/categories?post=196892"},{"taxonomy":"post_tag","embeddable":true,"href":"https:\/\/plazajuarez.mx\/historico\/wp-json\/wp\/v2\/tags?post=196892"}],"curies":[{"name":"wp","href":"https:\/\/api.w.org\/{rel}","templated":true}]}}