{"id":19682,"date":"2016-04-11T14:52:21","date_gmt":"2016-04-11T14:52:21","guid":{"rendered":"http:\/\/plazajuarez.mx\/index\/index.php\/2016\/04\/11\/que-hacer-con-estados-unidos\/"},"modified":"2016-04-11T14:52:21","modified_gmt":"2016-04-11T14:52:21","slug":"que-hacer-con-estados-unidos","status":"publish","type":"post","link":"https:\/\/plazajuarez.mx\/historico\/que-hacer-con-estados-unidos\/","title":{"rendered":"\u00bfQu\u00e9 hacer con Estados Unidos?"},"content":{"rendered":"<p>A m\u00e1s del paulatino y prolongado deterioro de la imagen de nuestro pa\u00eds en el mundo, especialmente en EE UU, la campa\u00f1a de Donald Trump ha revelado algo que ya estaba latente y que el multimillonario ha sabido explotar muy bien: el temor, la desconfianza de un sector importante de los estadounidenses hacia todo aquello que tenga que ver con M\u00e9xico.<\/p>\n<p>  <!--more-->  <\/p>\n<p>La semana pasada lleg\u00f3 a su fin una de las m\u00e1s cortas y desafortunadas gestiones diplom\u00e1ticas que yo recuerde. Tras apenas siete meses, que a algunos parecieron eternos, el embajador de M\u00e9xico en EU, Miguel Bas\u00e1\u00f1ez, fue relevado de su cargo. De poco le sirvieron sus credenciales acad\u00e9micas, sus conocimientos en el mundo de las encuestas, los estudios de opini\u00f3n p\u00fablica y su cercan\u00eda con el Presidente de la Rep\u00fablica. <br \/>Bas\u00e1\u00f1ez no supo traducir sus aptitudes en un buen desempe\u00f1o, tal vez porque no entendi\u00f3 correctamente su funci\u00f3n, tal vez porque se sinti\u00f3 con las libertades que dan el cub\u00edculo y el aula, tal vez porque pens\u00f3 que la cercan\u00eda con Los Pinos le daba carta blanca para \u201ciniciativas\u201d, como la de anunciar un fondo y un programa que s\u00f3lo \u00e9l conoc\u00eda (o imaginaba) para fomentar que mexicanos en EU obtuvieran la nacionalidad estadounidense, y hasta una conferencia en Londres (\u00a1!) en la que expres\u00f3 su admiraci\u00f3n por Margarita Zavala y su deseo de que sea exitosa en su b\u00fasqueda de la candidatura a la Presidencia, Bas\u00e1\u00f1ez hablaba de m\u00e1s pero actuaba de menos. No tard\u00f3 en generar antipat\u00edas lo mismo en Los Pinos que en la Canciller\u00eda, sumadas a la apat\u00eda e incomodidad del personal adscrito a la Embajada en Washington. <br \/>Siete meses que coincidieron con uno de los momentos m\u00e1s tensos y desafortunados en la historia reciente de la relaci\u00f3n entre M\u00e9xico y su poderoso vecino. A m\u00e1s del paulatino y prolongado deterioro de la imagen de nuestro pa\u00eds en el mundo, especialmente en EE UU, la campa\u00f1a de Donald Trump ha revelado algo que ya estaba latente y que el multimillonario ha sabido explotar muy bien: el temor, la desconfianza de un sector importante de los estadounidenses hacia todo aquello que tenga que ver con M\u00e9xico. Ll\u00e1mese migraci\u00f3n, violencia, narcotr\u00e1fico, comercio o empleos, las clases medias norteamericanas se sienten amenazadas. Trump no lo invent\u00f3, solo lo ha sabido aprovechar. Y el Embajador de M\u00e9xico no supo ni analizar correctamente el entorno ni proponer una estrategia coherente, su atenci\u00f3n estaba en otras cosas. <br \/>Al relevo llega, siempre y cuando el Senado mexicano lo ratifique, un profesional de estos menesteres. Carlos Manuel Sada tiene una larga trayectoria que demuestra una vez m\u00e1s que no es necesario ser diplom\u00e1tico de carrera para tener un destacado desempe\u00f1o. Probado ya en puestos relevantes en EE UU, Sada deber\u00e1 poner orden en una embajada al garete y reconectar con las comunidades mexicanas que tan valiosas aliadas deber\u00edan ser en momentos dif\u00edciles como estos. Eso, claro, adem\u00e1s de sus muchas otras obligaciones en una misi\u00f3n que casi equivale a una secretar\u00eda de estado. <br \/>Simult\u00e1neamente a su nombramiento se anunci\u00f3 otro, el de Paulo Carre\u00f1o King, como subsecretario para Am\u00e9rica del Norte en la Canciller\u00eda. Sin experiencia diplom\u00e1tica, Carre\u00f1o King conoce muy bien de medios y estrategias de comunicaci\u00f3n, y era hasta hace d\u00edas el encargado de la relaci\u00f3n de la Presidencia con la prensa internacional, adem\u00e1s de promover la Marca Pa\u00eds desde Los Pinos. Su entendimiento de esos temas resulta indispensable para tratar de revertir, ahora desde su nuevo encargo, el deterioro de la imagen nacional al que me refer\u00eda yo l\u00edneas arriba. <br \/>La relaci\u00f3n M\u00e9xico-EE UU es una de las m\u00e1s diversas y complejas en el mundo entero. Toca una multitud de aspectos que afectan directa o indirectamente a m\u00e1s de 450 millones de personas y tiene repercusiones mucho m\u00e1s all\u00e1 de ambos pa\u00edses. Es una pena que, por intereses personales y partidistas de algunos Republicanos como Marco Rubio, la embajada estadounidense en M\u00e9xico se encuentre vacante, pero una buena noticia que el gobierno de M\u00e9xico haya reforzado su alineaci\u00f3n. <br \/>Estos dos funcionarios, el diplom\u00e1tico experimentado y el novel, tienen frente a s\u00ed una enorme tarea. A todos nos va mucho en que tengan \u00e9xito, y yo se los deseo de todo coraz\u00f3n. <br \/>@gabrielguerrac <br \/>FB: Gabriel Guerra Castellanos <br \/>www.gabrielguerracastellanos.com \u00a0\u00a0 \u00a0 <\/p>\n","protected":false},"excerpt":{"rendered":"<p>A m\u00e1s del paulatino y prolongado deterioro de la imagen de nuestro pa\u00eds en el mundo, especialmente en EE UU, la campa\u00f1a de Donald Trump ha revelado algo que ya estaba latente y que el multimillonario ha sabido explotar muy bien: el temor, la desconfianza de un sector importante de los estadounidenses hacia todo aquello [&hellip;]<\/p>\n","protected":false},"author":93,"featured_media":0,"comment_status":"open","ping_status":"open","sticky":false,"template":"","format":"standard","meta":{"footnotes":""},"categories":[42],"tags":[],"class_list":["post-19682","post","type-post","status-publish","format-standard","hentry","category-nuestrapalabra"],"_links":{"self":[{"href":"https:\/\/plazajuarez.mx\/historico\/wp-json\/wp\/v2\/posts\/19682","targetHints":{"allow":["GET"]}}],"collection":[{"href":"https:\/\/plazajuarez.mx\/historico\/wp-json\/wp\/v2\/posts"}],"about":[{"href":"https:\/\/plazajuarez.mx\/historico\/wp-json\/wp\/v2\/types\/post"}],"author":[{"embeddable":true,"href":"https:\/\/plazajuarez.mx\/historico\/wp-json\/wp\/v2\/users\/93"}],"replies":[{"embeddable":true,"href":"https:\/\/plazajuarez.mx\/historico\/wp-json\/wp\/v2\/comments?post=19682"}],"version-history":[{"count":0,"href":"https:\/\/plazajuarez.mx\/historico\/wp-json\/wp\/v2\/posts\/19682\/revisions"}],"wp:attachment":[{"href":"https:\/\/plazajuarez.mx\/historico\/wp-json\/wp\/v2\/media?parent=19682"}],"wp:term":[{"taxonomy":"category","embeddable":true,"href":"https:\/\/plazajuarez.mx\/historico\/wp-json\/wp\/v2\/categories?post=19682"},{"taxonomy":"post_tag","embeddable":true,"href":"https:\/\/plazajuarez.mx\/historico\/wp-json\/wp\/v2\/tags?post=19682"}],"curies":[{"name":"wp","href":"https:\/\/api.w.org\/{rel}","templated":true}]}}