{"id":19678,"date":"2016-04-11T14:51:04","date_gmt":"2016-04-11T14:51:04","guid":{"rendered":"http:\/\/plazajuarez.mx\/index\/index.php\/2016\/04\/11\/erik-rubin-tiene-tumor-benigno\/"},"modified":"2016-04-11T14:51:04","modified_gmt":"2016-04-11T14:51:04","slug":"erik-rubin-tiene-tumor-benigno","status":"publish","type":"post","link":"https:\/\/plazajuarez.mx\/historico\/erik-rubin-tiene-tumor-benigno\/","title":{"rendered":"Erik Rub\u00edn tiene tumor benigno"},"content":{"rendered":"<p>Aunque los ex\u00e1menes preliminares apuntaban que era un tumor maligno (GIST) los resultados finales de la biopsia arrojaron que es totalmente benigno<\/p>\n<p>  <!--more-->  <\/p>\n<p>\u00a0<\/p>\n<p>Luego de una biopsia a la que se someti\u00f3 por un fuerte dolor abdominal, el cantante Erik Rub\u00edn dio a conocer que tiene un tumor benigno.<\/p>\n<p>El d\u00eda de ayer, en su cuenta de Instagram, comparti\u00f3 una fotograf\u00eda junto a su familia: su esposa Andrea Legarreta y sus dos hijas, para informar sobre su estado y agradecer a las personas que estuvieron al pendiente de su salud.<\/p>\n<p>Aunque los ex\u00e1menes preliminares apuntaban que era un tumor maligno (GIST) los resultados finales de la biopsia arrojaron que es totalmente benigno.<\/p>\n<p>\u201cLa pr\u00f3xima semana tengo consulta para definir si es necesaria la cirug\u00eda, pero por lo pronto estamos felices y agradecidos con la noticia, disfrutando de una inolvidable vacaci\u00f3n con la familia. \u00a1Gracias de nuevo!\u201d, escribi\u00f3 el m\u00fasico para acompa\u00f1ar la imagen.<\/p>\n<p>Hace unos d\u00edas en la misma red social inform\u00f3 que hab\u00eda estado en el hospital por un fuerte dolor estomacal, provocado por una protuberancia que obstru\u00eda el paso del est\u00f3mago al intestino.<\/p>\n","protected":false},"excerpt":{"rendered":"<p>Aunque los ex\u00e1menes preliminares apuntaban que era un tumor maligno (GIST) los resultados finales de la biopsia arrojaron que es totalmente benigno<\/p>\n","protected":false},"author":93,"featured_media":0,"comment_status":"open","ping_status":"open","sticky":false,"template":"","format":"standard","meta":{"footnotes":""},"categories":[38],"tags":[],"class_list":["post-19678","post","type-post","status-publish","format-standard","hentry","category-show"],"_links":{"self":[{"href":"https:\/\/plazajuarez.mx\/historico\/wp-json\/wp\/v2\/posts\/19678","targetHints":{"allow":["GET"]}}],"collection":[{"href":"https:\/\/plazajuarez.mx\/historico\/wp-json\/wp\/v2\/posts"}],"about":[{"href":"https:\/\/plazajuarez.mx\/historico\/wp-json\/wp\/v2\/types\/post"}],"author":[{"embeddable":true,"href":"https:\/\/plazajuarez.mx\/historico\/wp-json\/wp\/v2\/users\/93"}],"replies":[{"embeddable":true,"href":"https:\/\/plazajuarez.mx\/historico\/wp-json\/wp\/v2\/comments?post=19678"}],"version-history":[{"count":0,"href":"https:\/\/plazajuarez.mx\/historico\/wp-json\/wp\/v2\/posts\/19678\/revisions"}],"wp:attachment":[{"href":"https:\/\/plazajuarez.mx\/historico\/wp-json\/wp\/v2\/media?parent=19678"}],"wp:term":[{"taxonomy":"category","embeddable":true,"href":"https:\/\/plazajuarez.mx\/historico\/wp-json\/wp\/v2\/categories?post=19678"},{"taxonomy":"post_tag","embeddable":true,"href":"https:\/\/plazajuarez.mx\/historico\/wp-json\/wp\/v2\/tags?post=19678"}],"curies":[{"name":"wp","href":"https:\/\/api.w.org\/{rel}","templated":true}]}}