{"id":19676,"date":"2016-04-11T14:50:40","date_gmt":"2016-04-11T14:50:40","guid":{"rendered":"http:\/\/plazajuarez.mx\/index\/index.php\/2016\/04\/11\/homenaje-a-consuelo-velazquez\/"},"modified":"2016-04-11T14:50:40","modified_gmt":"2016-04-11T14:50:40","slug":"homenaje-a-consuelo-velazquez","status":"publish","type":"post","link":"https:\/\/plazajuarez.mx\/historico\/homenaje-a-consuelo-velazquez\/","title":{"rendered":"Homenaje a Consuelo Vel\u00e1zquez"},"content":{"rendered":"<p>Fernando de la Mora, Eugenia Le\u00f3n y Cecilia Toussaint fueron los int\u00e9rpretes que condujeron el homenaje, junto con el Coro y la Orquesta del Teatro de Bellas Artes<\/p>\n<p>  <!--more-->  <\/p>\n<p>\u00a0<\/p>\n<p>\u201cQue seas feliz\u201d, \u201cYo no fui\u201d, \u201cCachito\u201d y \u201cB\u00e9same mucho\u201d fueron las canciones que el p\u00fablico core\u00f3 con m\u00e1s emoci\u00f3n durante el homenaje a Consuelo Vel\u00e1zquez, con motivo del centenario de su nacimiento, la tarde de ayer en la sala principal del Palacio de Bellas Artes.<\/p>\n<p>Fernando de la Mora, Eugenia Le\u00f3n y Cecilia Toussaint fueron los int\u00e9rpretes que condujeron el homenaje, junto con el Coro y la Orquesta del Teatro de Bellas Artes. El recinto, ocupado casi en su totalidad, recibi\u00f3 a un p\u00fablico en su mayor\u00eda conformado por adultos mayores, que entusiasmados fueron cantando las canciones que, se notaba, conoc\u00edan muy bien.<\/p>\n<p>La proyecci\u00f3n de fotos de distintos momentos de la vida de la compositora, nacida en 1916 en Ciudad Guzm\u00e1n, Jalisco, fue el punto de partida del recital de dos horas de duraci\u00f3n.<\/p>\n<p>El director de orquesta Rodrigo Mac\u00edas condujo a los m\u00fasicos para ejecutar los diferentes ritmos propios de la m\u00fasica de Consuelo Vel\u00e1zquez. Los cantantes interpretaron 17 temas; mientras que De la Mora, Le\u00f3n y Toussaint compartieron el escenario con tres canciones, \u201cVerdad amarga\u201d, \u201cB\u00e9same mucho\u201d y \u201cAmar y vivir\u201d.<\/p>\n<p>Antes de llegar al cl\u00edmax del concierto, con la interpretaci\u00f3n de \u201cB\u00e9same mucho\u201d, se proyect\u00f3 un video de esta canci\u00f3n, que cumpli\u00f3 75 a\u00f1os, en el cual se pod\u00eda ver a artistas como Pedro Infante, Pl\u00e1cido Domingo, Elvis Presley y Ram\u00f3n Vargas, algunos de los muchos que la han interpretado.<\/p>\n<p>El video consigui\u00f3 animar a\u00fan m\u00e1s al p\u00fablico que, tras escuchar a los cantantes interpretando \u201cB\u00e9same mucho\u201d y \u201cAmar y vivir\u201d, como encore pidi\u00f3 que las dos canciones resonaran en la sala. Afuera, a pesar de la lluvia, muchos se dieron cita para seguir el recital a trav\u00e9s de pantallas y, a su manera ser parte del homenaje.<\/p>\n","protected":false},"excerpt":{"rendered":"<p>Fernando de la Mora, Eugenia Le\u00f3n y Cecilia Toussaint fueron los int\u00e9rpretes que condujeron el homenaje, junto con el Coro y la Orquesta del Teatro de Bellas Artes<\/p>\n","protected":false},"author":93,"featured_media":0,"comment_status":"open","ping_status":"open","sticky":false,"template":"","format":"standard","meta":{"footnotes":""},"categories":[38],"tags":[],"class_list":["post-19676","post","type-post","status-publish","format-standard","hentry","category-show"],"_links":{"self":[{"href":"https:\/\/plazajuarez.mx\/historico\/wp-json\/wp\/v2\/posts\/19676","targetHints":{"allow":["GET"]}}],"collection":[{"href":"https:\/\/plazajuarez.mx\/historico\/wp-json\/wp\/v2\/posts"}],"about":[{"href":"https:\/\/plazajuarez.mx\/historico\/wp-json\/wp\/v2\/types\/post"}],"author":[{"embeddable":true,"href":"https:\/\/plazajuarez.mx\/historico\/wp-json\/wp\/v2\/users\/93"}],"replies":[{"embeddable":true,"href":"https:\/\/plazajuarez.mx\/historico\/wp-json\/wp\/v2\/comments?post=19676"}],"version-history":[{"count":0,"href":"https:\/\/plazajuarez.mx\/historico\/wp-json\/wp\/v2\/posts\/19676\/revisions"}],"wp:attachment":[{"href":"https:\/\/plazajuarez.mx\/historico\/wp-json\/wp\/v2\/media?parent=19676"}],"wp:term":[{"taxonomy":"category","embeddable":true,"href":"https:\/\/plazajuarez.mx\/historico\/wp-json\/wp\/v2\/categories?post=19676"},{"taxonomy":"post_tag","embeddable":true,"href":"https:\/\/plazajuarez.mx\/historico\/wp-json\/wp\/v2\/tags?post=19676"}],"curies":[{"name":"wp","href":"https:\/\/api.w.org\/{rel}","templated":true}]}}