{"id":19675,"date":"2016-04-11T14:50:57","date_gmt":"2016-04-11T14:50:57","guid":{"rendered":"http:\/\/plazajuarez.mx\/index\/index.php\/2016\/04\/11\/anakin-skywalker-a-centro-psiquiatrico\/"},"modified":"2016-04-11T14:50:57","modified_gmt":"2016-04-11T14:50:57","slug":"anakin-skywalker-a-centro-psiquiatrico","status":"publish","type":"post","link":"https:\/\/plazajuarez.mx\/historico\/anakin-skywalker-a-centro-psiquiatrico\/","title":{"rendered":"\u201cAnakin Skywalker\u201d a centro psiqui\u00e1trico"},"content":{"rendered":"<p>El actor Jake Lloyd fue trasladado de prisi\u00f3n a un centro psiqui\u00e1trico porque, seg\u00fan su madre, padece de esquizofrenia.<\/p>\n<p>  <!--more-->  <\/p>\n<p>\u00a0<\/p>\n<p>Lloyd, quien interpret\u00f3 a \u201cAnakin Skywalker\u201d de ni\u00f1o en \u201cStar Wars: The Phantom Menace\u201d, fue arrestado el pasado junio por conducci\u00f3n temeraria, luego de una persecuci\u00f3n a toda velocidad por parte de la polic\u00eda.<\/p>\n<p>Seg\u00fan \u201cTMZ\u201d, las autoridades llegaron a la conclusi\u00f3n de que ser\u00e1 mejor para el joven tener ayuda m\u00e9dica que un castigo en prisi\u00f3n.<\/p>\n<p>Lisa, la madre de Jake, habl\u00f3 con \u00e9l la semana pasada y asegur\u00f3 que vio una mejor\u00eda en la personalidad del actor, pero a\u00fan no hay fecha para que pueda salir.<\/p>\n","protected":false},"excerpt":{"rendered":"<p>El actor Jake Lloyd fue trasladado de prisi\u00f3n a un centro psiqui\u00e1trico porque, seg\u00fan su madre, padece de esquizofrenia.<\/p>\n","protected":false},"author":93,"featured_media":0,"comment_status":"open","ping_status":"open","sticky":false,"template":"","format":"standard","meta":{"footnotes":""},"categories":[38],"tags":[],"class_list":["post-19675","post","type-post","status-publish","format-standard","hentry","category-show"],"_links":{"self":[{"href":"https:\/\/plazajuarez.mx\/historico\/wp-json\/wp\/v2\/posts\/19675","targetHints":{"allow":["GET"]}}],"collection":[{"href":"https:\/\/plazajuarez.mx\/historico\/wp-json\/wp\/v2\/posts"}],"about":[{"href":"https:\/\/plazajuarez.mx\/historico\/wp-json\/wp\/v2\/types\/post"}],"author":[{"embeddable":true,"href":"https:\/\/plazajuarez.mx\/historico\/wp-json\/wp\/v2\/users\/93"}],"replies":[{"embeddable":true,"href":"https:\/\/plazajuarez.mx\/historico\/wp-json\/wp\/v2\/comments?post=19675"}],"version-history":[{"count":0,"href":"https:\/\/plazajuarez.mx\/historico\/wp-json\/wp\/v2\/posts\/19675\/revisions"}],"wp:attachment":[{"href":"https:\/\/plazajuarez.mx\/historico\/wp-json\/wp\/v2\/media?parent=19675"}],"wp:term":[{"taxonomy":"category","embeddable":true,"href":"https:\/\/plazajuarez.mx\/historico\/wp-json\/wp\/v2\/categories?post=19675"},{"taxonomy":"post_tag","embeddable":true,"href":"https:\/\/plazajuarez.mx\/historico\/wp-json\/wp\/v2\/tags?post=19675"}],"curies":[{"name":"wp","href":"https:\/\/api.w.org\/{rel}","templated":true}]}}