{"id":196611,"date":"2021-12-23T18:53:30","date_gmt":"2021-12-24T00:53:30","guid":{"rendered":"https:\/\/plazajuarez.mx\/?p=196611"},"modified":"2021-12-23T18:53:41","modified_gmt":"2021-12-24T00:53:41","slug":"chile-comenzara-a-aplicar-la-cuarta-dosis-contra-la-covid-19-a-mediados-de-febrero","status":"publish","type":"post","link":"https:\/\/plazajuarez.mx\/historico\/chile-comenzara-a-aplicar-la-cuarta-dosis-contra-la-covid-19-a-mediados-de-febrero\/","title":{"rendered":"Chile comenzar\u00e1 a aplicar la cuarta dosis contra la covid-19 a mediados de febrero"},"content":{"rendered":"\n<p>(EFE) Las autoridades sanitarias de Chile, uno de los pa\u00edses con la mayor tasa de vacunaci\u00f3n del mundo, anunciaron este jueves que comenzar\u00e1n a aplicar la cuarta dosis de la vacuna contra la covid-19 a partir de mediados del pr\u00f3ximo febrero.<\/p>\n\n\n\n<p>&#8220;A partir de la segunda quincena de febrero, tenemos presupuestado comenzar con esta cuarta dosis (\u2026) Los estudios demuestran que hay una ca\u00edda en la tasa de anticuerpos, pero que existe una memoria inmunitaria que puede ser reactivada con un nuevo refuerzo&#8221;, dijo el ministro chileno de Salud, Enrique Paris.<\/p>\n\n\n\n<p>Para la cuarta dosis se usar\u00e1 un &#8220;esquema heter\u00f3logo&#8221;, que consiste en combinar distintas vacunas y que ha demostrado &#8220;ser exitoso&#8221;, agreg\u00f3 Paris en una rueda de prensa.<\/p>\n\n\n\n<p>Chile se suma as\u00ed a Israel, el primer pa\u00eds del mundo en apostar por la cuarta dosis, que comenzar\u00e1 a aplicarla a mayores de 60 a\u00f1os y a trabajadores de la salud cuando hayan pasado cuatro meses desde la tercera inyecci\u00f3n.<\/p>\n\n\n\n<p>El pa\u00eds suramericano ha desplegado una de las estrategias de vacunaci\u00f3n m\u00e1s exitosas del mundo, que alcanza al 91 % de la poblaci\u00f3n objetivo con dos dosis, en su mayor\u00eda con la vacuna china Sinovac, pero tambi\u00e9n Pfizer, AstraZeneca y CanSino<\/p>\n\n\n\n<p>Hasta la fecha se han administrado adem\u00e1s 10,2 millones de dosis de refuerzo, pero hay m\u00e1s de 1,5 millones de personas rezagadas que pod\u00edan haberla adquirido y no lo han hecho.<\/p>\n\n\n\n<p>Con el objetivo de frenar la propagaci\u00f3n del virus, a partir del pr\u00f3ximo 1 de enero se exigir\u00e1 a todos los mayores de 18 a\u00f1os la tercera dosis para poder usar su carn\u00e9 de vacunaci\u00f3n, un pase gubernamental que permite eventos con mayores aforos y ser atendido en el interior de bares y restaurantes.<\/p>\n\n\n\n<p>&#8220;Las personas no vacunadas tienen un riesgo de fallecer 40 veces m\u00e1s que las personas vacunadas&#8221;, alert\u00f3 el ministro.<\/p>\n\n\n\n<p>La pandemia, que tuvo su pico m\u00e1s grave entre marzo y junio pasados y oblig\u00f3 a confinar una vez m\u00e1s al 90 % de la poblaci\u00f3n, lleva m\u00e1s de tres meses bajo control.<\/p>\n\n\n\n<p>Los nuevos casos diarios se mantienen en el entorno de los 1.500, con 1.504 infecciones registradas este jueves, mientras que las muertes no superan el centenar desde hace tiempo ni la tasa de positividad llega al 3 %.<\/p>\n\n\n\n<p>Las autoridades confirmaron a finales de noviembre la llegada de la contagiosa variante \u00f3micron, que est\u00e1 encendiendo las alarmas en distintas partes del mundo, principalmente Europa, y hasta la fecha solo se han detectado cerca de 130 casos.<\/p>\n\n\n\n<p>Chile, que suma casi 1,9 millones de infecciones y 38.954 muertes en toda la pandemia, disfruta de amplias libertades, tiene las fronteras abiertas desde octubre y no registra ning\u00fan municipio en cuarentena total.<\/p>\n","protected":false},"excerpt":{"rendered":"<p>(EFE) Las autoridades sanitarias de Chile, uno de los pa\u00edses con la mayor tasa de vacunaci\u00f3n del mundo, anunciaron este jueves que comenzar\u00e1n a aplicar la cuarta dosis de la vacuna contra la covid-19 a partir de mediados del pr\u00f3ximo febrero. &#8220;A partir de la segunda quincena de febrero, tenemos presupuestado comenzar con esta cuarta [&hellip;]<\/p>\n","protected":false},"author":80,"featured_media":196614,"comment_status":"closed","ping_status":"closed","sticky":false,"template":"","format":"standard","meta":{"footnotes":""},"categories":[2141,31],"tags":[],"class_list":["post-196611","post","type-post","status-publish","format-standard","has-post-thumbnail","hentry","category-covid-19","category-orbe"],"_links":{"self":[{"href":"https:\/\/plazajuarez.mx\/historico\/wp-json\/wp\/v2\/posts\/196611","targetHints":{"allow":["GET"]}}],"collection":[{"href":"https:\/\/plazajuarez.mx\/historico\/wp-json\/wp\/v2\/posts"}],"about":[{"href":"https:\/\/plazajuarez.mx\/historico\/wp-json\/wp\/v2\/types\/post"}],"author":[{"embeddable":true,"href":"https:\/\/plazajuarez.mx\/historico\/wp-json\/wp\/v2\/users\/80"}],"replies":[{"embeddable":true,"href":"https:\/\/plazajuarez.mx\/historico\/wp-json\/wp\/v2\/comments?post=196611"}],"version-history":[{"count":0,"href":"https:\/\/plazajuarez.mx\/historico\/wp-json\/wp\/v2\/posts\/196611\/revisions"}],"wp:featuredmedia":[{"embeddable":true,"href":"https:\/\/plazajuarez.mx\/historico\/wp-json\/wp\/v2\/media\/196614"}],"wp:attachment":[{"href":"https:\/\/plazajuarez.mx\/historico\/wp-json\/wp\/v2\/media?parent=196611"}],"wp:term":[{"taxonomy":"category","embeddable":true,"href":"https:\/\/plazajuarez.mx\/historico\/wp-json\/wp\/v2\/categories?post=196611"},{"taxonomy":"post_tag","embeddable":true,"href":"https:\/\/plazajuarez.mx\/historico\/wp-json\/wp\/v2\/tags?post=196611"}],"curies":[{"name":"wp","href":"https:\/\/api.w.org\/{rel}","templated":true}]}}