{"id":1966,"date":"2015-03-09T06:00:00","date_gmt":"2015-03-09T06:00:00","guid":{"rendered":"http:\/\/plazajuarez.mx\/index\/index.php\/2015\/03\/09\/chocan-en-el-colosio-hay-tres-heridos\/"},"modified":"2015-03-09T06:00:00","modified_gmt":"2015-03-09T06:00:00","slug":"chocan-en-el-colosio-hay-tres-heridos","status":"publish","type":"post","link":"https:\/\/plazajuarez.mx\/historico\/chocan-en-el-colosio-hay-tres-heridos\/","title":{"rendered":"Chocan en el Colosio: hay tres heridos"},"content":{"rendered":"<p style=\"text-align: justify;\"><span style=\"font-size: 10pt; color: #000000;\">POR CIRCULAR A GRAN VELOCIDAD Y SIN PRECAUCI\u00d3N<\/span><\/p>\n<p style=\"text-align: justify;\"><span style=\"font-size: 10pt; color: #000000;\">La ma\u00f1ana de ayer se suscit\u00f3 un accidente de tr\u00e1nsito terrestre consistente en invasi\u00f3n del camell\u00f3n y choque contra un objeto fijo en el bulevar Luis Donaldo Colosio, lo que arroj\u00f3 como saldo a tres personas lesionadas de consideraci\u00f3n y cuantiosas p\u00e9rdidas materiales, ya que el automotor siniestrado pr\u00e1cticamente quedo destrozado del frente.<\/span><\/p>\n<p>  <!--more-->  <\/p>\n<p style=\"text-align: justify;\"><span style=\"color: #000000; font-size: 10pt;\">El accidente que pudo terminar en tragedia tuvo lugar casi frente al cuartel General de la Coordinaci\u00f3n de Seguridad Estatal de la Paz, que se encuentra sobre bulevar Colosio, por lo que prontamente los elementos de la corporaci\u00f3n que comanda Roberto Cordero Mercado, acudieron a prestar ayuda a los afectados.<\/span><\/p>\n<p style=\"text-align: justify;\"><span style=\"font-size: 10pt; color: #000000;\">En el percance se vio involucrado un veh\u00edculo Mazda, color gris, con placas del estado de \u00a0Hidalgo, cuyo conductor fue identificado como Omar \u201cN\u201d, de 38 a\u00f1os de edad, quien resulto herido de gravedad, por lo que fue trasladado por param\u00e9dicos del Cuerpo de Bomberos a Hospital General de Pachuca donde se le ingreso a la sala de Urgencias para que recibiera una mejor atenci\u00f3n m\u00e9dica.<\/span><\/p>\n<p style=\"text-align: justify;\"><span style=\"font-size: 10pt; color: #000000;\">Importante es destacar que los acompa\u00f1antes del conductor tambi\u00e9n resultaron lesionados y se les identific\u00f3 con los nombres de Mario \u201cN\u201d, de 18 a\u00f1os de edad, quien luego de ser estabilizado por socorristas de la Cruz Roja fue trasladado al hospital del Seguro Social.<\/span><\/p>\n<p style=\"text-align: justify;\"><span style=\"font-size: 10pt; color: #000000;\">La tercera lesionada fue quien dijo responder al nombre de Paola \u201cN\u201d, de 19 a\u00f1os de edad, la cual recibi\u00f3 atenci\u00f3n de param\u00e9dicos de la Coordinaci\u00f3n de Seguridad Estatal aunque finalmente fue trasladada por personal de la Cruz Roja. Al Hospital General de Pachuca, donde su estado fue reportado como delicado.<\/span><\/p>\n<p style=\"text-align: justify;\"><span style=\"font-size: 10pt; color: #000000;\">De las diligencias del accidente se hicieron cargo elementos de la Secretar\u00eda de Seguridad P\u00fablica y Tr\u00e1nsito Municipal.<\/span><\/p>\n","protected":false},"excerpt":{"rendered":"<p>POR CIRCULAR A GRAN VELOCIDAD Y SIN PRECAUCI\u00d3N La ma\u00f1ana de ayer se suscit\u00f3 un accidente de tr\u00e1nsito terrestre consistente en invasi\u00f3n del camell\u00f3n y choque contra un objeto fijo en el bulevar Luis Donaldo Colosio, lo que arroj\u00f3 como saldo a tres personas lesionadas de consideraci\u00f3n y cuantiosas p\u00e9rdidas materiales, ya que el automotor [&hellip;]<\/p>\n","protected":false},"author":93,"featured_media":0,"comment_status":"open","ping_status":"open","sticky":false,"template":"","format":"standard","meta":{"footnotes":""},"categories":[37],"tags":[],"class_list":["post-1966","post","type-post","status-publish","format-standard","hentry","category-barandilla"],"_links":{"self":[{"href":"https:\/\/plazajuarez.mx\/historico\/wp-json\/wp\/v2\/posts\/1966","targetHints":{"allow":["GET"]}}],"collection":[{"href":"https:\/\/plazajuarez.mx\/historico\/wp-json\/wp\/v2\/posts"}],"about":[{"href":"https:\/\/plazajuarez.mx\/historico\/wp-json\/wp\/v2\/types\/post"}],"author":[{"embeddable":true,"href":"https:\/\/plazajuarez.mx\/historico\/wp-json\/wp\/v2\/users\/93"}],"replies":[{"embeddable":true,"href":"https:\/\/plazajuarez.mx\/historico\/wp-json\/wp\/v2\/comments?post=1966"}],"version-history":[{"count":0,"href":"https:\/\/plazajuarez.mx\/historico\/wp-json\/wp\/v2\/posts\/1966\/revisions"}],"wp:attachment":[{"href":"https:\/\/plazajuarez.mx\/historico\/wp-json\/wp\/v2\/media?parent=1966"}],"wp:term":[{"taxonomy":"category","embeddable":true,"href":"https:\/\/plazajuarez.mx\/historico\/wp-json\/wp\/v2\/categories?post=1966"},{"taxonomy":"post_tag","embeddable":true,"href":"https:\/\/plazajuarez.mx\/historico\/wp-json\/wp\/v2\/tags?post=1966"}],"curies":[{"name":"wp","href":"https:\/\/api.w.org\/{rel}","templated":true}]}}