{"id":196351,"date":"2021-12-22T08:59:41","date_gmt":"2021-12-22T14:59:41","guid":{"rendered":"https:\/\/plazajuarez.mx\/?p=196351"},"modified":"2021-12-22T08:59:50","modified_gmt":"2021-12-22T14:59:50","slug":"exigen-transparencia-al-ayuntamiento-de-tepeapulco","status":"publish","type":"post","link":"https:\/\/plazajuarez.mx\/historico\/exigen-transparencia-al-ayuntamiento-de-tepeapulco\/","title":{"rendered":"Exigen transparencia al Ayuntamiento de Tepeapulco"},"content":{"rendered":"\n<p><strong>Tepeapulco<\/strong>.- El\u00a0Instituto de Transparencia, Acceso a la Informaci\u00f3n P\u00fablica Gubernamental y Protecci\u00f3n de Datos Personales del Estado de Hidalgo (Itaih), sancion\u00f3 al municipio de Tepeapulco.<\/p>\n\n\n\n<p>La comisionada ponente Myrna Roci\u00f3 Moncada expuso el proyecto de resoluci\u00f3n que fue aprobado por unanimidad por el Pleno del Consejo General del Itaih, debido a la falta de informaci\u00f3n del&nbsp; Ayuntamiento de Tepeapulco, Hidalgo\u201d.&nbsp;<\/p>\n\n\n\n<p>La informaci\u00f3n faltante corresponde al primero y segundo trimestre del ejercicio 2021, la cual debi\u00f3 ser presentada en base a la fracci\u00f3n XXVIIIb, del art\u00edculo 69 de la Ley de Transparencia y Acceso a la Informaci\u00f3n P\u00fablica para el Estado de Hidalgo.&nbsp;<\/p>\n\n\n\n<p>En la ponencia se especifica que al llevar a cabo la revisi\u00f3n minuciosa se detect\u00f3 que existe una falta a los criterios de los lineamientos t\u00e9cnicos generales establecidos en la mencionada fracci\u00f3n del art\u00edculo 69.&nbsp;<\/p>\n\n\n\n<p>El Itaih se\u00f1ala: \u201cSe le sugiere fundamentar y motivar la ausencia de la informaci\u00f3n ya que es evidente que no cuenta con la misma.&nbsp;<\/p>\n\n\n\n<p>Considera que no aport\u00f3 la totalidad de la informaci\u00f3n requerida y ordenada por ley, por lo que se le ordena atender a las observaciones mencionadas.<\/p>\n\n\n\n<p>La comisionada presidenta y ponente, Myrna Roc\u00edo Moncada, someti\u00f3 a consideraci\u00f3n del Pleno la gravedad de la falta y solicit\u00f3 medidas de apremio a la servidora p\u00fablica Karla Shadany Olvera Corrales, quien funge como titular de la Unidad de Transparencia del Ayuntamiento de Tepeapulco.&nbsp;<\/p>\n","protected":false},"excerpt":{"rendered":"<p>Tepeapulco.- El\u00a0Instituto de Transparencia, Acceso a la Informaci\u00f3n P\u00fablica Gubernamental y Protecci\u00f3n de Datos Personales del Estado de Hidalgo (Itaih), sancion\u00f3 al municipio de Tepeapulco. La comisionada ponente Myrna Roci\u00f3 Moncada expuso el proyecto de resoluci\u00f3n que fue aprobado por unanimidad por el Pleno del Consejo General del Itaih, debido a la falta de informaci\u00f3n [&hellip;]<\/p>\n","protected":false},"author":69,"featured_media":196352,"comment_status":"closed","ping_status":"closed","sticky":false,"template":"","format":"standard","meta":{"footnotes":""},"categories":[40],"tags":[],"class_list":["post-196351","post","type-post","status-publish","format-standard","has-post-thumbnail","hentry","category-region"],"_links":{"self":[{"href":"https:\/\/plazajuarez.mx\/historico\/wp-json\/wp\/v2\/posts\/196351","targetHints":{"allow":["GET"]}}],"collection":[{"href":"https:\/\/plazajuarez.mx\/historico\/wp-json\/wp\/v2\/posts"}],"about":[{"href":"https:\/\/plazajuarez.mx\/historico\/wp-json\/wp\/v2\/types\/post"}],"author":[{"embeddable":true,"href":"https:\/\/plazajuarez.mx\/historico\/wp-json\/wp\/v2\/users\/69"}],"replies":[{"embeddable":true,"href":"https:\/\/plazajuarez.mx\/historico\/wp-json\/wp\/v2\/comments?post=196351"}],"version-history":[{"count":0,"href":"https:\/\/plazajuarez.mx\/historico\/wp-json\/wp\/v2\/posts\/196351\/revisions"}],"wp:featuredmedia":[{"embeddable":true,"href":"https:\/\/plazajuarez.mx\/historico\/wp-json\/wp\/v2\/media\/196352"}],"wp:attachment":[{"href":"https:\/\/plazajuarez.mx\/historico\/wp-json\/wp\/v2\/media?parent=196351"}],"wp:term":[{"taxonomy":"category","embeddable":true,"href":"https:\/\/plazajuarez.mx\/historico\/wp-json\/wp\/v2\/categories?post=196351"},{"taxonomy":"post_tag","embeddable":true,"href":"https:\/\/plazajuarez.mx\/historico\/wp-json\/wp\/v2\/tags?post=196351"}],"curies":[{"name":"wp","href":"https:\/\/api.w.org\/{rel}","templated":true}]}}