{"id":196335,"date":"2021-12-22T08:52:38","date_gmt":"2021-12-22T14:52:38","guid":{"rendered":"https:\/\/plazajuarez.mx\/?p=196335"},"modified":"2021-12-22T08:52:46","modified_gmt":"2021-12-22T14:52:46","slug":"revocacion-de-mandato-tambien-para-alcaldes","status":"publish","type":"post","link":"https:\/\/plazajuarez.mx\/historico\/revocacion-de-mandato-tambien-para-alcaldes\/","title":{"rendered":"\u00a1Revocaci\u00f3n de mandato tambi\u00e9n para alcaldes!"},"content":{"rendered":"\n<p><strong>Francisco I. Madero<\/strong>.- La revocaci\u00f3n de mandato se aplicar\u00eda a los alcaldes, una petici\u00f3n que se formaliz\u00f3 mediante un documento al Congreso Local, para que se lleven a cabo las acciones necesarias y se promueva esta consulta dirigida a la ciudadan\u00eda.<\/p>\n\n\n\n<p>Juan P\u00e9rez Camargo dio a conocer p\u00fablicamente el ingreso de dicho documento, el cual contiene la solicitud formal para que se promueva la revocaci\u00f3n de mandato de los alcaldes de los 84 ayuntamientos.<\/p>\n\n\n\n<p>\u201cLa renovaci\u00f3n de mandato para alcaldes en Hidalgo va por qu\u00e9 va\u201d, expuso el expresidente concejal del municipio de Francisco I. Madero. Incluso abri\u00f3 una iniciativa en la plataforma web de change.org para que la poblaci\u00f3n se sume a este proyecto.<\/p>\n\n\n\n<p>\u201cYa lo dijo el presidente L\u00f3pez Obrador, la revocaci\u00f3n de mandato es el procedimiento para hacer realidad el principio de que el pueblo pone y pueblo quita y dicho principio se debe aplicar a todo gobernante\u201d subray\u00f3.<\/p>\n\n\n\n<p>Explic\u00f3, que esta petici\u00f3n se hizo a la diputada local, Lorena Hern\u00e1ndez, presidenta de la Comisi\u00f3n de Participaci\u00f3n Ciudadana del Congreso del Estado de Hidalgo, con el objetivo de exponer nuestra petici\u00f3n y someterla a su consideraci\u00f3n.<\/p>\n\n\n\n<p>Dijo que la petici\u00f3n se est\u00e1 promoviendo ante la sociedad civil, para que respalden esta iniciativa y pueda hacerse realidad.<\/p>\n","protected":false},"excerpt":{"rendered":"<p>Francisco I. Madero.- La revocaci\u00f3n de mandato se aplicar\u00eda a los alcaldes, una petici\u00f3n que se formaliz\u00f3 mediante un documento al Congreso Local, para que se lleven a cabo las acciones necesarias y se promueva esta consulta dirigida a la ciudadan\u00eda. Juan P\u00e9rez Camargo dio a conocer p\u00fablicamente el ingreso de dicho documento, el cual [&hellip;]<\/p>\n","protected":false},"author":75,"featured_media":196336,"comment_status":"closed","ping_status":"closed","sticky":false,"template":"","format":"standard","meta":{"footnotes":""},"categories":[2159,40],"tags":[],"class_list":["post-196335","post","type-post","status-publish","format-standard","has-post-thumbnail","hentry","category-noticias-de-hidalgo","category-region"],"_links":{"self":[{"href":"https:\/\/plazajuarez.mx\/historico\/wp-json\/wp\/v2\/posts\/196335","targetHints":{"allow":["GET"]}}],"collection":[{"href":"https:\/\/plazajuarez.mx\/historico\/wp-json\/wp\/v2\/posts"}],"about":[{"href":"https:\/\/plazajuarez.mx\/historico\/wp-json\/wp\/v2\/types\/post"}],"author":[{"embeddable":true,"href":"https:\/\/plazajuarez.mx\/historico\/wp-json\/wp\/v2\/users\/75"}],"replies":[{"embeddable":true,"href":"https:\/\/plazajuarez.mx\/historico\/wp-json\/wp\/v2\/comments?post=196335"}],"version-history":[{"count":0,"href":"https:\/\/plazajuarez.mx\/historico\/wp-json\/wp\/v2\/posts\/196335\/revisions"}],"wp:featuredmedia":[{"embeddable":true,"href":"https:\/\/plazajuarez.mx\/historico\/wp-json\/wp\/v2\/media\/196336"}],"wp:attachment":[{"href":"https:\/\/plazajuarez.mx\/historico\/wp-json\/wp\/v2\/media?parent=196335"}],"wp:term":[{"taxonomy":"category","embeddable":true,"href":"https:\/\/plazajuarez.mx\/historico\/wp-json\/wp\/v2\/categories?post=196335"},{"taxonomy":"post_tag","embeddable":true,"href":"https:\/\/plazajuarez.mx\/historico\/wp-json\/wp\/v2\/tags?post=196335"}],"curies":[{"name":"wp","href":"https:\/\/api.w.org\/{rel}","templated":true}]}}