{"id":196326,"date":"2021-12-22T08:50:33","date_gmt":"2021-12-22T14:50:33","guid":{"rendered":"https:\/\/plazajuarez.mx\/?p=196326"},"modified":"2021-12-22T08:50:42","modified_gmt":"2021-12-22T14:50:42","slug":"santa-vuelve-a-la-ciudad","status":"publish","type":"post","link":"https:\/\/plazajuarez.mx\/historico\/santa-vuelve-a-la-ciudad\/","title":{"rendered":"Santa vuelve a la ciudad"},"content":{"rendered":"\n<p>Santa Claus, volvi\u00f3 a la ciudad de Pachuca, luego de que, la pandemia por Covid-19, no permitiera que este se\u00f1or vestido de rojo visitar\u00e1 la capital del estado, el a\u00f1o pasado. Desde el 17 de diciembre se instal\u00f3 en el Reloj Monumental de Pachuca para que las personas puedan tomarse una foto con \u00e9l y contarle lo que desean recibir para Navidad.&nbsp;<\/p>\n\n\n\n<p>Ra\u00fal Garc\u00eda, es una de las personas detr\u00e1s de este personaje, que se dedica desde hace m\u00e1s de 20 a\u00f1os a ser Santa Claus, un trabajo que en su familia ha pasado de generaci\u00f3n en generaci\u00f3n, \u201cdesde que mi pap\u00e1, en paz descanse, aqu\u00ed siempre hemos estado\u201d.&nbsp;<\/p>\n\n\n\n<p>La pandemia los afect\u00f3 much\u00edsimo, pues durante un a\u00f1o y medio no estuvieron trabajando, por lo que agradecen el permiso que les dieron en esta ocasi\u00f3n para recuperarse: \u201cSon d\u00edas muy importantes para nosotros: Santa&nbsp; Claus, Reyes Magos, todos los que trabajamos en la Villa&#8221;.<\/p>\n\n\n\n<p>Le gusta ser Santa Claus porque as\u00ed motiva a los ni\u00f1os, para que: \u201csalgan adelante, que se porten bien, que coman bien, que le echen ganas a la escuela, que obedezcan a los pap\u00e1s, que no hagan berrinche\u201d.<\/p>\n\n\n\n<figure class=\"wp-block-gallery columns-1 is-cropped wp-block-gallery-1 is-layout-flex wp-block-gallery-is-layout-flex\"><ul class=\"blocks-gallery-grid\"><li class=\"blocks-gallery-item\"><figure><img loading=\"lazy\" decoding=\"async\" width=\"1600\" height=\"1200\" src=\"https:\/\/plazajuarez.mx\/historico\/historico\/wp-content\/uploads\/2021\/12\/1-1.jpg\" alt=\"\" data-id=\"196332\" data-full-url=\"https:\/\/plazajuarez.mx\/historico\/historico\/wp-content\/uploads\/2021\/12\/1-1.jpg\" data-link=\"https:\/\/plazajuarez.mx\/historico\/historico\/?attachment_id=196332\" class=\"wp-image-196332\" srcset=\"https:\/\/plazajuarez.mx\/historico\/wp-content\/uploads\/2021\/12\/1-1.jpg 1600w, https:\/\/plazajuarez.mx\/historico\/wp-content\/uploads\/2021\/12\/1-1-768x576.jpg 768w, https:\/\/plazajuarez.mx\/historico\/wp-content\/uploads\/2021\/12\/1-1-1536x1152.jpg 1536w\" sizes=\"auto, (max-width: 1600px) 100vw, 1600px\" \/><figcaption class=\"blocks-gallery-item__caption\">\u201cSoy Rey Mago y fot\u00f3grafo tambi\u00e9n, como no tenemos gente para que se vista o no les gusta esta tradici\u00f3n; entonces me toca vestirme, no hay ning\u00fan problema\u201d.<\/figcaption><\/figure><\/li><li class=\"blocks-gallery-item\"><figure><img loading=\"lazy\" decoding=\"async\" width=\"1600\" height=\"1200\" src=\"https:\/\/plazajuarez.mx\/historico\/historico\/wp-content\/uploads\/2021\/12\/2.jpg\" alt=\"\" data-id=\"196331\" data-full-url=\"https:\/\/plazajuarez.mx\/historico\/historico\/wp-content\/uploads\/2021\/12\/2.jpg\" data-link=\"https:\/\/plazajuarez.mx\/historico\/historico\/?attachment_id=196331\" class=\"wp-image-196331\" srcset=\"https:\/\/plazajuarez.mx\/historico\/wp-content\/uploads\/2021\/12\/2.jpg 1600w, https:\/\/plazajuarez.mx\/historico\/wp-content\/uploads\/2021\/12\/2-768x576.jpg 768w, https:\/\/plazajuarez.mx\/historico\/wp-content\/uploads\/2021\/12\/2-1536x1152.jpg 1536w\" sizes=\"auto, (max-width: 1600px) 100vw, 1600px\" \/><figcaption class=\"blocks-gallery-item__caption\">Los ni\u00f1os le han pedido que les lleve juguetes a todos los ni\u00f1os que no tienen recursos y que sus papas no se peleen.<br>\u201c\u00bfTe puedo pedir un favor? &#8211; Dijo uno en otra ocasi\u00f3n- es que mis pap\u00e1s se quieren separar\u201d. Ha sido el deseo m\u00e1s impactante que un ni\u00f1o le ha solicitado. \u201cClaro que s\u00ed &#8211; le contest\u00e9- y habl\u00e9 con los pap\u00e1s, entonces gracias a Dios, al siguiente a\u00f1o, me buscaron y me dieron una recompensa por ello\u201d.<\/figcaption><\/figure><\/li><li class=\"blocks-gallery-item\"><figure><img loading=\"lazy\" decoding=\"async\" width=\"1600\" height=\"1200\" src=\"https:\/\/plazajuarez.mx\/historico\/historico\/wp-content\/uploads\/2021\/12\/3.jpg\" alt=\"\" data-id=\"196330\" data-full-url=\"https:\/\/plazajuarez.mx\/historico\/historico\/wp-content\/uploads\/2021\/12\/3.jpg\" data-link=\"https:\/\/plazajuarez.mx\/historico\/historico\/?attachment_id=196330\" class=\"wp-image-196330\" srcset=\"https:\/\/plazajuarez.mx\/historico\/wp-content\/uploads\/2021\/12\/3.jpg 1600w, https:\/\/plazajuarez.mx\/historico\/wp-content\/uploads\/2021\/12\/3-768x576.jpg 768w, https:\/\/plazajuarez.mx\/historico\/wp-content\/uploads\/2021\/12\/3-1536x1152.jpg 1536w\" sizes=\"auto, (max-width: 1600px) 100vw, 1600px\" \/><figcaption class=\"blocks-gallery-item__caption\">Cerca de los stands, un se\u00f1or vende cartas para Santa Claus y los Reyes Magos, en dos por cinco pesos.<\/figcaption><\/figure><\/li><li class=\"blocks-gallery-item\"><figure><img loading=\"lazy\" decoding=\"async\" width=\"1600\" height=\"1200\" src=\"https:\/\/plazajuarez.mx\/historico\/historico\/wp-content\/uploads\/2021\/12\/4.jpg\" alt=\"\" data-id=\"196329\" data-full-url=\"https:\/\/plazajuarez.mx\/historico\/historico\/wp-content\/uploads\/2021\/12\/4.jpg\" data-link=\"https:\/\/plazajuarez.mx\/historico\/historico\/?attachment_id=196329\" class=\"wp-image-196329\" srcset=\"https:\/\/plazajuarez.mx\/historico\/wp-content\/uploads\/2021\/12\/4.jpg 1600w, https:\/\/plazajuarez.mx\/historico\/wp-content\/uploads\/2021\/12\/4-768x576.jpg 768w, https:\/\/plazajuarez.mx\/historico\/wp-content\/uploads\/2021\/12\/4-1536x1152.jpg 1536w\" sizes=\"auto, (max-width: 1600px) 100vw, 1600px\" \/><figcaption class=\"blocks-gallery-item__caption\">Ra\u00fal Garc\u00eda se\u00f1al\u00f3 que cuentan con sanitizante y gel.<\/figcaption><\/figure><\/li><li class=\"blocks-gallery-item\"><figure><img loading=\"lazy\" decoding=\"async\" width=\"1600\" height=\"1200\" src=\"https:\/\/plazajuarez.mx\/historico\/historico\/wp-content\/uploads\/2021\/12\/5.jpg\" alt=\"\" data-id=\"196328\" data-full-url=\"https:\/\/plazajuarez.mx\/historico\/historico\/wp-content\/uploads\/2021\/12\/5.jpg\" data-link=\"https:\/\/plazajuarez.mx\/historico\/historico\/?attachment_id=196328\" class=\"wp-image-196328\" srcset=\"https:\/\/plazajuarez.mx\/historico\/wp-content\/uploads\/2021\/12\/5.jpg 1600w, https:\/\/plazajuarez.mx\/historico\/wp-content\/uploads\/2021\/12\/5-768x576.jpg 768w, https:\/\/plazajuarez.mx\/historico\/wp-content\/uploads\/2021\/12\/5-1536x1152.jpg 1536w\" sizes=\"auto, (max-width: 1600px) 100vw, 1600px\" \/><figcaption class=\"blocks-gallery-item__caption\">Los d\u00edas m\u00e1s fuertes son el 23 y 24 de diciembre con Santa Claus, as\u00ed como el 3, 4, y 5 de enero con los Reyes Magos. Una fila espera a ser fotografiados en otro de los stands.<\/figcaption><\/figure><\/li><li class=\"blocks-gallery-item\"><figure><img loading=\"lazy\" decoding=\"async\" width=\"1600\" height=\"1200\" src=\"https:\/\/plazajuarez.mx\/historico\/historico\/wp-content\/uploads\/2021\/12\/6.jpg\" alt=\"\" data-id=\"196327\" data-full-url=\"https:\/\/plazajuarez.mx\/historico\/historico\/wp-content\/uploads\/2021\/12\/6.jpg\" data-link=\"https:\/\/plazajuarez.mx\/historico\/historico\/?attachment_id=196327\" class=\"wp-image-196327\" srcset=\"https:\/\/plazajuarez.mx\/historico\/wp-content\/uploads\/2021\/12\/6.jpg 1600w, https:\/\/plazajuarez.mx\/historico\/wp-content\/uploads\/2021\/12\/6-768x576.jpg 768w, https:\/\/plazajuarez.mx\/historico\/wp-content\/uploads\/2021\/12\/6-1536x1152.jpg 1536w\" sizes=\"auto, (max-width: 1600px) 100vw, 1600px\" \/><figcaption class=\"blocks-gallery-item__caption\">Buz\u00f3n para depositar las cartas.<strong> <\/strong>Las fotos se manejan en tres precios: 50, 100 y 150, siendo las m\u00e1s caras, las de tama\u00f1o grande con un marco alrededor.<\/figcaption><\/figure><\/li><\/ul><\/figure>\n","protected":false},"excerpt":{"rendered":"<p>Santa Claus, volvi\u00f3 a la ciudad de Pachuca, luego de que, la pandemia por Covid-19, no permitiera que este se\u00f1or vestido de rojo visitar\u00e1 la capital del estado, el a\u00f1o pasado. Desde el 17 de diciembre se instal\u00f3 en el Reloj Monumental de Pachuca para que las personas puedan tomarse una foto con \u00e9l y [&hellip;]<\/p>\n","protected":false},"author":101,"featured_media":196332,"comment_status":"closed","ping_status":"closed","sticky":false,"template":"","format":"standard","meta":{"footnotes":""},"categories":[59,2159],"tags":[],"class_list":["post-196326","post","type-post","status-publish","format-standard","has-post-thumbnail","hentry","category-general","category-noticias-de-hidalgo"],"_links":{"self":[{"href":"https:\/\/plazajuarez.mx\/historico\/wp-json\/wp\/v2\/posts\/196326","targetHints":{"allow":["GET"]}}],"collection":[{"href":"https:\/\/plazajuarez.mx\/historico\/wp-json\/wp\/v2\/posts"}],"about":[{"href":"https:\/\/plazajuarez.mx\/historico\/wp-json\/wp\/v2\/types\/post"}],"author":[{"embeddable":true,"href":"https:\/\/plazajuarez.mx\/historico\/wp-json\/wp\/v2\/users\/101"}],"replies":[{"embeddable":true,"href":"https:\/\/plazajuarez.mx\/historico\/wp-json\/wp\/v2\/comments?post=196326"}],"version-history":[{"count":0,"href":"https:\/\/plazajuarez.mx\/historico\/wp-json\/wp\/v2\/posts\/196326\/revisions"}],"wp:featuredmedia":[{"embeddable":true,"href":"https:\/\/plazajuarez.mx\/historico\/wp-json\/wp\/v2\/media\/196332"}],"wp:attachment":[{"href":"https:\/\/plazajuarez.mx\/historico\/wp-json\/wp\/v2\/media?parent=196326"}],"wp:term":[{"taxonomy":"category","embeddable":true,"href":"https:\/\/plazajuarez.mx\/historico\/wp-json\/wp\/v2\/categories?post=196326"},{"taxonomy":"post_tag","embeddable":true,"href":"https:\/\/plazajuarez.mx\/historico\/wp-json\/wp\/v2\/tags?post=196326"}],"curies":[{"name":"wp","href":"https:\/\/api.w.org\/{rel}","templated":true}]}}