{"id":196101,"date":"2021-12-20T16:06:50","date_gmt":"2021-12-20T22:06:50","guid":{"rendered":"https:\/\/plazajuarez.mx\/?p=196101"},"modified":"2021-12-20T16:07:02","modified_gmt":"2021-12-20T22:07:02","slug":"francia-promete-acelerar-aprobacion-del-tratado-comercial-con-mexico","status":"publish","type":"post","link":"https:\/\/plazajuarez.mx\/historico\/francia-promete-acelerar-aprobacion-del-tratado-comercial-con-mexico\/","title":{"rendered":"Francia promete acelerar aprobaci\u00f3n del tratado comercial con M\u00e9xico"},"content":{"rendered":"\n<p>(EFE) El ministro franc\u00e9s de Exteriores, Jean-Yves Le Drian, asegur\u00f3 este lunes en Ciudad de M\u00e9xico que su pa\u00eds intentar\u00e1 acelerar la aprobaci\u00f3n del nuevo tratado comercial entre M\u00e9xico y la Uni\u00f3n Europeadurante la presidencia francesa de la UE.<\/p>\n\n\n\n<p>&#8220;Francia va a presidir la UE y ahora conozco perfectamente la posici\u00f3n de M\u00e9xico y vamos a consolidar la situaci\u00f3n para que culmine este acuerdo global. No todo el mundo est\u00e1 de acuerdo, pero s\u00ed hay un punto de vista compartido entre Francia y M\u00e9xico&#8221;, explic\u00f3.<\/p>\n\n\n\n<p>El ministro hizo estas declaraciones durante una comparecencia ante la prensa junto al secretario mexicano de Relaciones Exteriores, Marcelo Ebrard, tras firmar un acuerdo de cooperaci\u00f3n educativa en la Canciller\u00eda.<\/p>\n\n\n\n<p>Las negociaciones del Acuerdo de Asociaci\u00f3n Econ\u00f3mica, Concertaci\u00f3n Pol\u00edtica y Cooperaci\u00f3n entre M\u00e9xico y la Uni\u00f3n Europea (TLCUEM) duraron cuatro a\u00f1os y concluyeron en abril de 2020, pero todav\u00eda tiene que ser firmado y ratificado.<\/p>\n\n\n\n<p>Francia ostentar\u00e1 la presidencia de turno del Consejo de la UE durante el primer semestre de 2022.<\/p>\n\n\n\n<p>En la comparecencia, el canciller mexicano asegur\u00f3 que el actual es el &#8220;mejor momento de la relaci\u00f3n entre M\u00e9xico y Francia en lo que va de siglo XXI&#8221;.<\/p>\n\n\n\n<p>Ebrard explic\u00f3 que ambos pa\u00edses colaboran en &#8220;muy distintos \u00e1mbitos&#8221;, como la protecci\u00f3n de los oc\u00e9anos, la industria aeron\u00e1utica, la cooperaci\u00f3n en materia educativa y cient\u00edfica o el combate al tr\u00e1fico del patrimonio cultural y arqueol\u00f3gico.<\/p>\n\n\n\n<p>Adem\u00e1s, subray\u00f3 que M\u00e9xico se ha sumado a las iniciativas del presidente franc\u00e9s, Emmanuel Macron, para que la vacunaci\u00f3n contra la covid-19 sea global y para &#8220;estar preparados&#8221; ante futuras pandemias.<\/p>\n\n\n\n<p>&#8220;Es mi s\u00e9ptimo viaje como ministro de la Rep\u00fablica francesa en M\u00e9xico y creo que en otros pa\u00edses de Am\u00e9rica Latina no he hecho m\u00e1s de un viaje. Eso ilustra esta relaci\u00f3n tan fuerte&#8221;, dijo a su vez Le Drian.<\/p>\n\n\n\n<p>Horas antes, el presidente mexicano, Andr\u00e9s Manuel L\u00f3pez Obrador, entreg\u00f3 a Le Drian la Orden Mexicana del \u00c1guila Azteca, la mayor distinci\u00f3n que M\u00e9xico entrega a los extranjeros, por su labor para fortalecer la relaci\u00f3n bilateral.<\/p>\n\n\n\n<p>L\u00f3pez Obrador destac\u00f3 &#8220;su desempe\u00f1o en favor de la pol\u00edtica exterior, en especial por su trato amistoso, fraterno, con el Gobierno de M\u00e9xico y con nuestro pueblo&#8221;.<\/p>\n\n\n\n<p>Seg\u00fan el Gobierno mexicano, en el pa\u00eds residen unos 40.000 franceses, entre empresarios, estudiantes y artistas.<\/p>\n\n\n\n<p>El ministro franc\u00e9s est\u00e1 de visita en el pa\u00eds por dos d\u00edas en los que adem\u00e1s de reunirse con L\u00f3pez Obrador y Ebrard, viajar\u00e1 a Monterrey, donde inaugurar\u00e1 el nuevo Consulado General de Francia y se entrevistar\u00e1 con el gobernador de Nuevo Le\u00f3n, Samuel Garc\u00eda.<\/p>\n\n\n\n<p>Adem\u00e1s asistir\u00e1 a la firma de dos convenios en el estado con la Universidad Aut\u00f3noma de Nuevo Le\u00f3n y aprovechar\u00e1 para promocionar los Juegos Ol\u00edmpicos de Par\u00eds de 2024.<\/p>\n","protected":false},"excerpt":{"rendered":"<p>(EFE) El ministro franc\u00e9s de Exteriores, Jean-Yves Le Drian, asegur\u00f3 este lunes en Ciudad de M\u00e9xico que su pa\u00eds intentar\u00e1 acelerar la aprobaci\u00f3n del nuevo tratado comercial entre M\u00e9xico y la Uni\u00f3n Europeadurante la presidencia francesa de la UE. &#8220;Francia va a presidir la UE y ahora conozco perfectamente la posici\u00f3n de M\u00e9xico y vamos [&hellip;]<\/p>\n","protected":false},"author":80,"featured_media":196105,"comment_status":"closed","ping_status":"closed","sticky":false,"template":"","format":"standard","meta":{"footnotes":""},"categories":[15,36],"tags":[],"class_list":["post-196101","post","type-post","status-publish","format-standard","has-post-thumbnail","hentry","category-destacadas","category-nacion"],"_links":{"self":[{"href":"https:\/\/plazajuarez.mx\/historico\/wp-json\/wp\/v2\/posts\/196101","targetHints":{"allow":["GET"]}}],"collection":[{"href":"https:\/\/plazajuarez.mx\/historico\/wp-json\/wp\/v2\/posts"}],"about":[{"href":"https:\/\/plazajuarez.mx\/historico\/wp-json\/wp\/v2\/types\/post"}],"author":[{"embeddable":true,"href":"https:\/\/plazajuarez.mx\/historico\/wp-json\/wp\/v2\/users\/80"}],"replies":[{"embeddable":true,"href":"https:\/\/plazajuarez.mx\/historico\/wp-json\/wp\/v2\/comments?post=196101"}],"version-history":[{"count":0,"href":"https:\/\/plazajuarez.mx\/historico\/wp-json\/wp\/v2\/posts\/196101\/revisions"}],"wp:featuredmedia":[{"embeddable":true,"href":"https:\/\/plazajuarez.mx\/historico\/wp-json\/wp\/v2\/media\/196105"}],"wp:attachment":[{"href":"https:\/\/plazajuarez.mx\/historico\/wp-json\/wp\/v2\/media?parent=196101"}],"wp:term":[{"taxonomy":"category","embeddable":true,"href":"https:\/\/plazajuarez.mx\/historico\/wp-json\/wp\/v2\/categories?post=196101"},{"taxonomy":"post_tag","embeddable":true,"href":"https:\/\/plazajuarez.mx\/historico\/wp-json\/wp\/v2\/tags?post=196101"}],"curies":[{"name":"wp","href":"https:\/\/api.w.org\/{rel}","templated":true}]}}