{"id":195739,"date":"2021-12-17T14:38:14","date_gmt":"2021-12-17T20:38:14","guid":{"rendered":"https:\/\/plazajuarez.mx\/?p=195739"},"modified":"2021-12-17T14:38:27","modified_gmt":"2021-12-17T20:38:27","slug":"pinatas-devuelven-su-color-a-la-navidad-en-el-mercado-de-jamaica-en-mexico","status":"publish","type":"post","link":"https:\/\/plazajuarez.mx\/historico\/pinatas-devuelven-su-color-a-la-navidad-en-el-mercado-de-jamaica-en-mexico\/","title":{"rendered":"Pi\u00f1atas devuelven su color a la navidad en el mercado de Jamaica en M\u00e9xico"},"content":{"rendered":"\n<p>Los pasillos del mercado de Jamaica de la Ciudad de M\u00e9xico est\u00e1n llenos de personas que preparan entusiasmadas las fiestas decembrinas. Decoraci\u00f3n navide\u00f1a, flores, plantas y centenares de pi\u00f1atas que cuelgan del techo esperando a que este a\u00f1os suban las ventas.<\/p>\n\n\n\n<p>&#8220;Afortunadamente ahora estamos aqu\u00ed&#8221;, dijo a Efe Delfina Ch\u00e1vez, propietaria de un negocio de venta de fruta y pi\u00f1atas.<\/p>\n\n\n\n<p>&#8220;Hace dos a\u00f1os cerr\u00e9 siete meses cuando empez\u00f3 la pandemia&#8221;, relat\u00f3 risue\u00f1a la mujer de 54 a\u00f1os junto a su puesto de arreglos de fruta, fruta de temporada, frutas finas y pi\u00f1atas.<\/p>\n\n\n\n<p>En el pasillo donde est\u00e1 el local de Delfina, los colores son los protagonistas, ya que cuelgan del techo pi\u00f1atas de todos los tonos y tama\u00f1os, todas con los siete picos en representaci\u00f3n de los siete pecados capitales.<\/p>\n\n\n\n<p>A finales de diciembre de 2020, la ciudad pas\u00f3 a sem\u00e1foro rojo (riesgo m\u00e1ximo de contagio) por covid-19 y las pi\u00f1atas se quedaron colgadas en un mercado Jamaica que luc\u00eda vac\u00edo de compradores pero tambi\u00e9n de vendedores.<\/p>\n\n\n\n<p>Al principio de la pandemia Delfina cerr\u00f3 su puesto durante siete meses y, aunque pens\u00f3 que ser\u00eda solamente cosa de unas semanas, tuvo que quedarse en su casa por recomendaci\u00f3n de su hija m\u00e9dica.<\/p>\n\n\n\n<p>&#8220;Yo creo que afortunadamente me retir\u00e9 a tiempo porque hubo muchos decesos de compa\u00f1eros y luego regresamos y todo estaba diferente. Cuando regres\u00e9 al mercado parec\u00eda fantasma&#8221;, dijo la mujer.<\/p>\n\n\n\n<p>ESPERANZA Y CELEBRACIONES<\/p>\n\n\n\n<p>Ahora, con mejores pron\u00f3sticos para este diciembre, Delfina se siente esperanzada y emocionada al ver a adultos y ni\u00f1os buscando decoraci\u00f3n, regalos o pi\u00f1atas para sus posadas -fiestas que se celebran los nueve d\u00edas previos a Navidad y que mezclan religiosidad y diversi\u00f3n-.<\/p>\n\n\n\n<p>&#8220;Yo no creo que haya un ni\u00f1o que no quiera un arbolito, que no quiera que llegue Santa Claus, o que no quiera una pi\u00f1ata. Yo creo que con eso nos damos m\u00e1s que servidos, viendo la alegr\u00eda, la luz en los ojos de los ni\u00f1os&#8221;, termin\u00f3 la mujer.<\/p>\n\n\n\n<p>El popular mercado de Jamaica est\u00e1 estos d\u00edas lleno de grupos de personas buscando lo necesario para su fiesta. Cuatro personas caminan juntas riendo y haciendo ruido con una carraca o matraca. Una de ellas carga una pi\u00f1ata y cuenta a Efe que en la posada de su empresa har\u00e1n un concurso de pi\u00f1atas.<\/p>\n\n\n\n<p>&#8220;Este a\u00f1o es diferente (al anterior), se siente la Navidad, se siente lo bonito y por eso venimos bien alegres&#8221;, compartieron los compradores.<\/p>\n\n\n\n<p>Y con ellos comparti\u00f3 la emoci\u00f3n Andr\u00e9s Reyes, un joven de 19 a\u00f1os que trabaja en el negocio de sus padres en el mercado en el que venden ingredientes que se utilizan para preparar comida tradicional de estas \u00e9pocas como son los camarones, el bacalao o los pistachos.<\/p>\n\n\n\n<p>Para \u00e9l, el mercado no parece el mismo que el a\u00f1o pasado y es ahora que quienes trabajan en \u00e9l est\u00e1n empezando a recuperarse.<\/p>\n\n\n\n<p>&#8220;Hemos tenido m\u00e1s avance este a\u00f1o, nada que ver con el a\u00f1o pasado. Hace un a\u00f1o estaba muy tranquilo, muy triste el mercado, no hab\u00eda alegr\u00eda y ahora gracias a Dios que nos ha dado oportunidad de estar aqu\u00ed&#8221;, coment\u00f3 Andr\u00e9s.<\/p>\n\n\n\n<p>Tanto para \u00e9l como para Delfina, la pandemia de coronavirus dej\u00f3 muchas ense\u00f1anzas, pues ambos tienen pensado pasar mucho tiempo con sus familiares este a\u00f1o en las festividades decembrinas.<\/p>\n\n\n\n<p>&#8220;Ahora tratamos de darnos un tiempo m\u00e1s de convivir con la familia porque con esto que pas\u00f3 yo creo que nos sirvi\u00f3 de lecci\u00f3n a todo el mundo&#8221;, termin\u00f3 Delfina.<\/p>\n\n\n\n<p>M\u00e9xico acumula desde el inicio de la pandemia en marzo de 2020 297.356 decesos totales y 3.927.265 contagios.<\/p>\n","protected":false},"excerpt":{"rendered":"<p>Los pasillos del mercado de Jamaica de la Ciudad de M\u00e9xico est\u00e1n llenos de personas que preparan entusiasmadas las fiestas decembrinas. Decoraci\u00f3n navide\u00f1a, flores, plantas y centenares de pi\u00f1atas que cuelgan del techo esperando a que este a\u00f1os suban las ventas. &#8220;Afortunadamente ahora estamos aqu\u00ed&#8221;, dijo a Efe Delfina Ch\u00e1vez, propietaria de un negocio de [&hellip;]<\/p>\n","protected":false},"author":80,"featured_media":195740,"comment_status":"closed","ping_status":"closed","sticky":false,"template":"","format":"standard","meta":{"footnotes":""},"categories":[36],"tags":[],"class_list":["post-195739","post","type-post","status-publish","format-standard","has-post-thumbnail","hentry","category-nacion"],"_links":{"self":[{"href":"https:\/\/plazajuarez.mx\/historico\/wp-json\/wp\/v2\/posts\/195739","targetHints":{"allow":["GET"]}}],"collection":[{"href":"https:\/\/plazajuarez.mx\/historico\/wp-json\/wp\/v2\/posts"}],"about":[{"href":"https:\/\/plazajuarez.mx\/historico\/wp-json\/wp\/v2\/types\/post"}],"author":[{"embeddable":true,"href":"https:\/\/plazajuarez.mx\/historico\/wp-json\/wp\/v2\/users\/80"}],"replies":[{"embeddable":true,"href":"https:\/\/plazajuarez.mx\/historico\/wp-json\/wp\/v2\/comments?post=195739"}],"version-history":[{"count":0,"href":"https:\/\/plazajuarez.mx\/historico\/wp-json\/wp\/v2\/posts\/195739\/revisions"}],"wp:featuredmedia":[{"embeddable":true,"href":"https:\/\/plazajuarez.mx\/historico\/wp-json\/wp\/v2\/media\/195740"}],"wp:attachment":[{"href":"https:\/\/plazajuarez.mx\/historico\/wp-json\/wp\/v2\/media?parent=195739"}],"wp:term":[{"taxonomy":"category","embeddable":true,"href":"https:\/\/plazajuarez.mx\/historico\/wp-json\/wp\/v2\/categories?post=195739"},{"taxonomy":"post_tag","embeddable":true,"href":"https:\/\/plazajuarez.mx\/historico\/wp-json\/wp\/v2\/tags?post=195739"}],"curies":[{"name":"wp","href":"https:\/\/api.w.org\/{rel}","templated":true}]}}