{"id":195736,"date":"2021-12-17T14:21:02","date_gmt":"2021-12-17T20:21:02","guid":{"rendered":"https:\/\/plazajuarez.mx\/?p=195736"},"modified":"2021-12-17T14:21:14","modified_gmt":"2021-12-17T20:21:14","slug":"ciudad-de-mexico-mantiene-contagios-a-la-baja-pese-a-presencia-de-omicron","status":"publish","type":"post","link":"https:\/\/plazajuarez.mx\/historico\/ciudad-de-mexico-mantiene-contagios-a-la-baja-pese-a-presencia-de-omicron\/","title":{"rendered":"Ciudad de M\u00e9xico mantiene contagios a la baja pese a presencia de \u00f3micron"},"content":{"rendered":"\n<p>Ciudad de M\u00e9xico mantiene una tendencia de contagios a la baja de covid-19 pese a la amenaza de la variante \u00f3micron, se\u00f1alaron este viernes autoridades capitalinas.<\/p>\n\n\n\n<p>&#8220;Seguimos en n\u00famero bajos&#8221;, afirm\u00f3 en conferencia de prensa Eduardo Clark, director general de Gobierno Digital de la capital mexicana.<\/p>\n\n\n\n<p>Aunque la tendencia a la baja es &#8220;liger\u00edsima&#8221;, el funcionario mencion\u00f3 que no se han visto las mejor\u00edas que se registraron en las \u00faltimas semanas, en gran medida porque la pandemia se ha estabilizado en la entidad.<\/p>\n\n\n\n<p>Precis\u00f3 que en la zona metropolitana hubo un peque\u00f1o descenso de 19 hospitalizados, aunado a una reducci\u00f3n en Ciudad de M\u00e9xico de 23 personas.<\/p>\n\n\n\n<p>&#8220;Los ingresos hospitalarios contin\u00faan en m\u00ednimos hist\u00f3ricos. Si bien, no es una pendiente tan clara, mantiene un descenso de unas cuatro semanas&#8221;, dijo.<\/p>\n\n\n\n<p>No obstante, matiz\u00f3 que en el caso de la positividad, s\u00ed se ha visto un ligero repunte al pasar de 2,1 % la semana anterior a 2,5 % en los \u00faltimos 7 d\u00edas.<\/p>\n\n\n\n<p>La Secretaria de Salud de la capital, Olivia L\u00f3pez Arellano, reconoci\u00f3 que en la ciudad la variante delta de covid-19 es la que prevalece y precis\u00f3 que hasta el momento solo se ha detectado un caso con variante \u00f3micron, confirmado la semana pasada en una persona proveniente de Sud\u00e1frica.<\/p>\n\n\n\n<p>Mientras que hay otro caso en la zona metropolitana y reiter\u00f3 que se siguen aplicando pruebas y monitoreos para detectar esta variante que se ha dispersado en otros pa\u00edses r\u00e1pidamente.<\/p>\n\n\n\n<p>Asimismo, exhort\u00f3 a la ciudadan\u00eda a seguir cuid\u00e1ndose y a cumplir las medidas sanitarias para evitar un repunte.<\/p>\n\n\n\n<p>En cuanto a la vacunaci\u00f3n, los funcionarios destacaron que 30 % de los adultos mayores han recibido una dosis de refuerzo y esperan cerrar la pr\u00f3xima semana con al menos la mitad de los habitantes mayores de 60 a\u00f1os vacunados con una tercera dosis.<\/p>\n\n\n\n<p>M\u00e9xico suma hasta ahora poco m\u00e1s de 3,9 millones de contagios por coronavirus y 297.356 muertes debido a la covid-19.<\/p>\n\n\n\n<p>Adem\u00e1s, de sus 126 millones de habitantes, el 87 % ya cuenta con al menos una dosis de la vacuna anticovid y 66,58 millones tienen ya su esquema completo de dos aplicaciones.<\/p>\n","protected":false},"excerpt":{"rendered":"<p>Ciudad de M\u00e9xico mantiene una tendencia de contagios a la baja de covid-19 pese a la amenaza de la variante \u00f3micron, se\u00f1alaron este viernes autoridades capitalinas. &#8220;Seguimos en n\u00famero bajos&#8221;, afirm\u00f3 en conferencia de prensa Eduardo Clark, director general de Gobierno Digital de la capital mexicana. Aunque la tendencia a la baja es &#8220;liger\u00edsima&#8221;, el [&hellip;]<\/p>\n","protected":false},"author":80,"featured_media":195737,"comment_status":"closed","ping_status":"closed","sticky":false,"template":"","format":"standard","meta":{"footnotes":""},"categories":[2160],"tags":[],"class_list":["post-195736","post","type-post","status-publish","format-standard","has-post-thumbnail","hentry","category-noticias-de-la-ciudad-de-mexico"],"_links":{"self":[{"href":"https:\/\/plazajuarez.mx\/historico\/wp-json\/wp\/v2\/posts\/195736","targetHints":{"allow":["GET"]}}],"collection":[{"href":"https:\/\/plazajuarez.mx\/historico\/wp-json\/wp\/v2\/posts"}],"about":[{"href":"https:\/\/plazajuarez.mx\/historico\/wp-json\/wp\/v2\/types\/post"}],"author":[{"embeddable":true,"href":"https:\/\/plazajuarez.mx\/historico\/wp-json\/wp\/v2\/users\/80"}],"replies":[{"embeddable":true,"href":"https:\/\/plazajuarez.mx\/historico\/wp-json\/wp\/v2\/comments?post=195736"}],"version-history":[{"count":0,"href":"https:\/\/plazajuarez.mx\/historico\/wp-json\/wp\/v2\/posts\/195736\/revisions"}],"wp:featuredmedia":[{"embeddable":true,"href":"https:\/\/plazajuarez.mx\/historico\/wp-json\/wp\/v2\/media\/195737"}],"wp:attachment":[{"href":"https:\/\/plazajuarez.mx\/historico\/wp-json\/wp\/v2\/media?parent=195736"}],"wp:term":[{"taxonomy":"category","embeddable":true,"href":"https:\/\/plazajuarez.mx\/historico\/wp-json\/wp\/v2\/categories?post=195736"},{"taxonomy":"post_tag","embeddable":true,"href":"https:\/\/plazajuarez.mx\/historico\/wp-json\/wp\/v2\/tags?post=195736"}],"curies":[{"name":"wp","href":"https:\/\/api.w.org\/{rel}","templated":true}]}}